{"id":44145,"date":"2026-01-21T10:10:24","date_gmt":"2026-01-21T09:10:24","guid":{"rendered":"https:\/\/www.derivaty.sk\/?p=44145"},"modified":"2026-01-05T14:03:11","modified_gmt":"2026-01-05T13:03:11","slug":"gdpr-a-ochrana-osobnich-udaju-pravni-a-technicke-aspekty","status":"publish","type":"post","link":"https:\/\/www.autoskoly.sk\/news\/gdpr-a-ochrana-osobnich-udaju-pravni-a-technicke-aspekty\/","title":{"rendered":"GDPR a ochrana osobn\u00edch \u00fadaj\u016f: Pr\u00e1vn\u00ed a technick\u00e9 aspekty"},"content":{"rendered":"<h2>Pro\u010d ochrana osobn\u00edch \u00fadaj\u016f nen\u00ed jen pr\u00e1vn\u00ed povinnost<\/h2>\n<p>Ochrana osobn\u00edch \u00fadaj\u016f (GDPR, privacy) v sektorech IT, ICT, webu, dat, telekomunikac\u00ed a s\u00edt\u00ed je strategick\u00e1 discipl\u00edna na pomez\u00ed pr\u00e1va, bezpe\u010dnosti a in\u017een\u00fdrstv\u00ed. Dob\u0159e navr\u017een\u00e9 procesy a architektury sni\u017euj\u00ed rizika, zvy\u0161uj\u00ed d\u016fv\u011bru u\u017eivatel\u016f i regulatorn\u00ed odolnost a z\u00e1rove\u0148 zav\u00e1d\u011bj\u00ed <strong>datovou discipl\u00ednu<\/strong>: sb\u00edr\u00e1me m\u00e9n\u011b, l\u00e9pe chr\u00e1n\u00edme a rychleji maz\u00e1me. C\u00edlem nen\u00ed jen \u201esplnit GDPR\u201c, ale vytvo\u0159it <em>privacy-by-design kulturu<\/em>, kter\u00e1 se prom\u00edt\u00e1 do k\u00f3du, infrastruktury i provozu.<\/p>\n<h2>Z\u00e1kladn\u00ed pojmy a role v GDPR<\/h2>\n<ul>\n<li><strong>Osobn\u00ed \u00fadaj<\/strong> \u2013 jak\u00e1koli informace, kter\u00e1 identifikuje nebo m\u016f\u017ee identifikovat fyzickou osobu (p\u0159\u00edmo \u010di nep\u0159\u00edmo).<\/li>\n<li><strong>Zvl\u00e1\u0161tn\u00ed kategorie \u00fadaj\u016f<\/strong> \u2013 citliv\u00e9 \u00fadaje (zdrav\u00ed, biometrika, etnicita apod.), se zv\u00fd\u0161en\u00fdmi po\u017eadavky.<\/li>\n<li><strong>Spr\u00e1vce<\/strong> \u2013 ur\u010duje \u00fa\u010del a prost\u0159edky zpracov\u00e1n\u00ed (typicky provozovatel aplikace\/slu\u017eby).<\/li>\n<li><strong>Zpracovatel<\/strong> \u2013 zpracov\u00e1v\u00e1 data pro spr\u00e1vce dle jeho pokyn\u016f (cloud, hosting, call centrum, analytick\u00fd dodavatel).<\/li>\n<li><strong>Pov\u011b\u0159enec pro ochranu osobn\u00edch \u00fadaj\u016f (DPO)<\/strong> \u2013 nez\u00e1visl\u00e1 role dohledu a poradenstv\u00ed, povinn\u00e1 v ur\u010dit\u00fdch p\u0159\u00edpadech.<\/li>\n<li><strong>Dozorov\u00fd \u00fa\u0159ad<\/strong> \u2013 v \u010cR <em>\u00da\u0159ad pro ochranu osobn\u00edch \u00fadaj\u016f (\u00daOO\u00da)<\/em>; v EU funguje princip jedn\u00e9 centr\u00e1ly (one-stop-shop).<\/li>\n<\/ul>\n<h2>Z\u00e1sady zpracov\u00e1n\u00ed a odpov\u011bdnost (accountability)<\/h2>\n<p>GDPR stoj\u00ed na sedmi z\u00e1sad\u00e1ch, kter\u00e9 je nutn\u00e9 <strong>prokazateln\u011b<\/strong> napl\u0148ovat:<\/p>\n<ol>\n<li><strong>Z\u00e1konnost, korektnost, transparentnost<\/strong> \u2013 jasn\u011b sd\u011blen\u00e9 \u00fa\u010dely a pr\u00e1vn\u00ed z\u00e1klad, srozumiteln\u00e1 komunikace.<\/li>\n<li><strong>\u00da\u010delov\u00e9 omezen\u00ed<\/strong> \u2013 data nepou\u017e\u00edvat mimo p\u016fvodn\u00ed \u00fa\u010del bez nov\u00e9 pr\u00e1vn\u00ed opory.<\/li>\n<li><strong>Minimalizace \u00fadaj\u016f<\/strong> \u2013 sb\u00edrat jen nezbytn\u00e9 polo\u017eky v nezbytn\u00e9 granularit\u011b.<\/li>\n<li><strong>P\u0159esnost<\/strong> \u2013 udr\u017eovat data aktu\u00e1ln\u00ed, opravy bez zbyte\u010dn\u00e9ho odkladu.<\/li>\n<li><strong>Omezen\u00ed ulo\u017een\u00ed<\/strong> \u2013 definovan\u00e9 reten\u010dn\u00ed lh\u016fty a bezpe\u010dn\u00e9 maz\u00e1n\u00ed\/anonymizace.<\/li>\n<li><strong>Integrita a d\u016fv\u011brnost<\/strong> \u2013 technick\u00e1 a organiza\u010dn\u00ed opat\u0159en\u00ed proti ztr\u00e1t\u011b, \u00faniku a neopr\u00e1vn\u011bn\u00e9mu p\u0159\u00edstupu.<\/li>\n<li><strong>Odpov\u011bdnost<\/strong> \u2013 dokumentovan\u00e1 compliance (z\u00e1znamy, DPIA, politiky, \u0161kolen\u00ed).<\/li>\n<\/ol>\n<h2>Pr\u00e1vn\u00ed z\u00e1klady zpracov\u00e1n\u00ed: jak \u201eop\u0159\u00edt\u201c va\u0161e data<\/h2>\n<table>\n<thead>\n<tr>\n<th>Pr\u00e1vn\u00ed z\u00e1klad<\/th>\n<th>Typick\u00e9 IT\/ICT sc\u00e9n\u00e1\u0159e<\/th>\n<th>Pozn\u00e1mky<\/th>\n<\/tr>\n<\/thead>\n<tbody>\n<tr>\n<td>Smlouva<\/td>\n<td>Registrace a provoz u\u017eivatelsk\u00e9ho \u00fa\u010dtu, vy\u0159\u00edzen\u00ed objedn\u00e1vky, SLA monitoring<\/td>\n<td>Bez toho slu\u017eba nefunguje; nep\u0159ekr\u00fdvat s marketingem.<\/td>\n<\/tr>\n<tr>\n<td>Pr\u00e1vn\u00ed povinnost<\/td>\n<td>Fakturace, \u00fa\u010detnictv\u00ed, reten\u010dn\u00ed povinnosti, bezpe\u010dnostn\u00ed logy dle regulace<\/td>\n<td>Nelze odm\u00edtnout, ale dr\u017eet \u00fa\u010delov\u00fd limit.<\/td>\n<\/tr>\n<tr>\n<td>Opr\u00e1vn\u011bn\u00fd z\u00e1jem<\/td>\n<td>Prevence podvod\u016f, z\u00e1kladn\u00ed bezpe\u010dnostn\u00ed telemetry, nezbytn\u00e1 analytika<\/td>\n<td>Nutn\u00e9 balan\u010dn\u00ed testy a mo\u017enost n\u00e1mitky.<\/td>\n<\/tr>\n<tr>\n<td>Souhlas<\/td>\n<td>Marketingov\u00e9 cookies, newsletter bez smluvn\u00edho vztahu, personalizace<\/td>\n<td>Dobrovoln\u00fd, odvolateln\u00fd, granularita, bez p\u0159edem za\u0161krtnut\u00fdch pol\u00ed.<\/td>\n<\/tr>\n<tr>\n<td>Ve\u0159ejn\u00fd z\u00e1jem \/ \u017divotn\u011b d\u016fle\u017eit\u00e9 z\u00e1jmy<\/td>\n<td>Incidenty, krizov\u00e1 komunikace, zdravotn\u00ed situace<\/td>\n<td>Vz\u00e1cn\u00e9 v komer\u010dn\u00edch ICT syst\u00e9mech.<\/td>\n<\/tr>\n<\/tbody>\n<\/table>\n<h2>Pr\u00e1va subjekt\u016f \u00fadaj\u016f a provozn\u00ed dopady<\/h2>\n<ul>\n<li><strong>P\u0159\u00edstup<\/strong> \u2013 poskytnout kopii dat a meta-informace (\u00fa\u010dely, kategorie, p\u0159\u00edjemci, doba ulo\u017een\u00ed).<\/li>\n<li><strong>Oprava<\/strong> \u2013 opravit nep\u0159esnosti bez prodlen\u00ed.<\/li>\n<li><strong>V\u00fdmaz (\u201epr\u00e1vo b\u00fdt zapomenut\u201c)<\/strong> \u2013 mazat, pokud odpadl \u00fa\u010del nebo na z\u00e1klad\u011b odvolan\u00e9ho souhlasu.<\/li>\n<li><strong>Omezen\u00ed<\/strong> \u2013 do\u010dasn\u00e9 \u201ezmrazen\u00ed\u201c zpracov\u00e1n\u00ed.<\/li>\n<li><strong>P\u0159enositelnost<\/strong> \u2013 strojov\u011b \u010diteln\u00fd export (nap\u0159. JSON, CSV), zejm\u00e9na u \u00fadaj\u016f poskytnut\u00fdch subjektem.<\/li>\n<li><strong>N\u00e1mitka<\/strong> \u2013 zejm\u00e9na proti zpracov\u00e1n\u00ed z opr\u00e1vn\u011bn\u00e9ho z\u00e1jmu a marketingu.<\/li>\n<\/ul>\n<p>Provozn\u00ed d\u016fsledek: <strong>Self-service port\u00e1ly<\/strong> pro \u017e\u00e1dosti, verifikace identity, SLA pro vy\u0159\u00edzen\u00ed (typicky 1 m\u011bs\u00edc), auditn\u00ed stopa ka\u017ed\u00e9ho kroku.<\/p>\n<h2>Soukrom\u00ed v \u017eivotn\u00edm cyklu dat (Data Lifecycle)<\/h2>\n<ol>\n<li><strong>Design<\/strong> \u2013 threat modeling soukrom\u00ed (nap\u0159. LINDDUN), privacy-by-design po\u017eadavky, kategorizace dat.<\/li>\n<li><strong>Sb\u011br<\/strong> \u2013 minimalizace pol\u00ed, pseudonymizace identifik\u00e1tor\u016f, odd\u011blen\u00ed \u00fa\u010del\u016f.<\/li>\n<li><strong>Ulo\u017een\u00ed<\/strong> \u2013 \u0161ifrov\u00e1n\u00ed \u201ev klidu\u201c, segmentace tenantu, \u0159\u00edzen\u00ed p\u0159\u00edstup\u016f (least privilege).<\/li>\n<li><strong>Zpracov\u00e1n\u00ed<\/strong> \u2013 data protection by default (omezen\u00e9 defaultn\u00ed sd\u00edlen\u00ed), logick\u00e9 odd\u011blen\u00ed prost\u0159ed\u00ed.<\/li>\n<li><strong>Sd\u00edlen\u00ed\/p\u0159enos<\/strong> \u2013 smluvn\u00ed r\u00e1mce, SCC\/DPF, kontrola sub-zpracovatel\u016f.<\/li>\n<li><strong>Retence a v\u00fdmaz<\/strong> \u2013 pl\u00e1n maz\u00e1n\u00ed, re-verifikace d\u016fvod\u016f uchov\u00e1n\u00ed, bezpe\u010dn\u00fd \u201esoft\u201c i \u201ehard\u201c delete.<\/li>\n<\/ol>\n<h2>In\u017een\u00fdrsk\u00e9 p\u0159\u00edstupy: Privacy by Design &amp; Default<\/h2>\n<ul>\n<li><strong>Pseudonymizace<\/strong> \u2013 odd\u011blit identitu (kl\u00ed\u010d) od hodnot (datov\u00fd z\u00e1znam); k\u0159\u00ed\u017eov\u00e9 tabulky dr\u017eet v chr\u00e1n\u011bn\u00e9 z\u00f3n\u011b.<\/li>\n<li><strong>Anonymizace<\/strong> \u2013 agregace, k-anonymita, l-diverzita, t-closeness; vyhnout se reidentifikaci (pozor na kombinace sloupc\u016f).<\/li>\n<li><strong>\u0160ifrov\u00e1n\u00ed<\/strong> \u2013 end-to-end, spr\u00e1va kl\u00ed\u010d\u016f (HSM\/KMS), rotace, segregace kl\u00ed\u010d\u016f pro multi-tenant SaaS.<\/li>\n<li><strong>P\u0159\u00edstupov\u00e9 modely<\/strong> \u2013 RBAC\/ABAC, JIT p\u0159\u00edstupy, schvalov\u00e1n\u00ed v\u00fdjimek, break-glass s auditn\u00ed stopou.<\/li>\n<li><strong>Telemetrie s rozumem<\/strong> \u2013 logy bez PII, hashov\u00e1n\u00ed identifik\u00e1tor\u016f, sampling, differential privacy pro agregace.<\/li>\n<li><strong>Testovac\u00ed data<\/strong> \u2013 synthetic data m\u00edsto produk\u010dn\u00edch dump\u016f; tokenizace citliv\u00fdch hodnot.<\/li>\n<\/ul>\n<h2>Bezpe\u010dnostn\u00ed opat\u0159en\u00ed a standardy<\/h2>\n<ul>\n<li><strong>Organiza\u010dn\u00ed<\/strong> \u2013 politiky, \u0161kolen\u00ed, \u0159\u00edzen\u00ed dodavatel\u016f, due diligence, intern\u00ed audity.<\/li>\n<li><strong>Technick\u00e1<\/strong> \u2013 \u0161ifrov\u00e1n\u00ed, segmentace s\u00edt\u011b, WAF, DLP, EDR\/XDR, SIEM, hardening, bezpe\u010dnostn\u00ed skenery a SAST\/DAST.<\/li>\n<li><strong>Standardy<\/strong> \u2013 ISO\/IEC 27001 (ISMS), ISO\/IEC 27701 (PIMS), ISO\/IEC 27018 (cloud PII), NIST 800-53\/63 pro \u0159\u00edzen\u00ed identit.<\/li>\n<\/ul>\n<h2>Cloud a sd\u00edlen\u00e1 odpov\u011bdnost<\/h2>\n<p>V IaaS\/PaaS\/SaaS plat\u00ed model <em>shared responsibility<\/em>. Spr\u00e1vce mus\u00ed posoudit:<\/p>\n<ul>\n<li><strong>Um\u00edst\u011bn\u00ed a tok dat<\/strong> \u2013 regiony, z\u00e1lohy, CDNs, disaster recovery.<\/li>\n<li><strong>Sub-zpracovatele<\/strong> \u2013 seznam, smluvn\u00ed z\u00e1vazky (DPA), technick\u00e1 opat\u0159en\u00ed, auditovatelnost.<\/li>\n<li><strong>Odd\u011blen\u00ed tenant\u016f<\/strong> \u2013 izolace, testy \u00fanik\u016f mezi tenanti, \u201enoisy neighbour\u201c rizika.<\/li>\n<li><strong>Kl\u00ed\u010de a tajemstv\u00ed<\/strong> \u2013 vlastn\u00ed KMS\/HSM, bring-your-own-key (BYOK), event. hold-your-own-key (HYOK).<\/li>\n<\/ul>\n<h2>Sd\u00edlen\u00ed mimo EHP a p\u0159enosy do t\u0159et\u00edch zem\u00ed<\/h2>\n<p>Pro p\u0159enosy mimo EHP je nutn\u00e1 <strong>p\u0159im\u011b\u0159enost ochrany<\/strong> (rozhodnut\u00ed o odpov\u00eddaj\u00edc\u00ed ochran\u011b) nebo <strong>smluvn\u00ed n\u00e1stroje<\/strong> (Standardn\u00ed smluvn\u00ed dolo\u017eky \u2013 SCC) dopln\u011bn\u00e9 o technick\u00e1 opat\u0159en\u00ed. Pro USA lze vyu\u017e\u00edt re\u017eim <em>EU\u2013US Data Privacy Framework<\/em> pro subjekty v seznamu, jinak SCC + dopl\u0148kov\u00e9 z\u00e1ruky. V\u017edy prov\u00e9st <em>transfer impact assessment<\/em>.<\/p>\n<h2>Cookies, ePrivacy a m\u011b\u0159en\u00ed<\/h2>\n<ul>\n<li><strong>Nezbytn\u00e9 cookies<\/strong> \u2013 bez souhlasu (auth, ko\u0161\u00edk, bezpe\u010dnost).<\/li>\n<li><strong>Analytick\u00e9 a marketingov\u00e9<\/strong> \u2013 typicky na souhlas; preferovat agregovan\u00e9\/bez PII, server-side s minimalizac\u00ed identifikace.<\/li>\n<li><strong>Transparentn\u00ed banner<\/strong> \u2013 granularita, \u201eodm\u00edtnout v\u0161e\u201c rovnocenn\u011b \u201ep\u0159ijmout v\u0161e\u201c, logov\u00e1n\u00ed preferenc\u00ed.<\/li>\n<\/ul>\n<h2>DPIA (posouzen\u00ed vlivu na ochranu osobn\u00edch \u00fadaj\u016f)<\/h2>\n<p>Povinn\u00e9 p\u0159i vysok\u00e9m riziku (rozs\u00e1hl\u00e9 monitorov\u00e1n\u00ed, nov\u00e1 technologie, zpracov\u00e1n\u00ed citliv\u00fdch \u00fadaj\u016f). Doporu\u010den\u00e1 osnova:<\/p>\n<ol>\n<li>Popis zpracov\u00e1n\u00ed a \u00fa\u010del\u016f, kategorie subjekt\u016f a \u00fadaj\u016f.<\/li>\n<li>Posouzen\u00ed nezbytnosti a proporcionality vs. c\u00edle.<\/li>\n<li>Rizika pro pr\u00e1va a svobody (pravd\u011bpodobnost \u00d7 dopad).<\/li>\n<li>Opat\u0159en\u00ed ke sn\u00ed\u017een\u00ed rizik (technick\u00e1\/organiza\u010dn\u00ed), zbytkov\u00e9 riziko.<\/li>\n<li>Konzultace s DPO, p\u0159\u00edpadn\u011b s dozorov\u00fdm \u00fa\u0159adem.<\/li>\n<\/ol>\n<h2>Incidenty a oznamov\u00e1n\u00ed poru\u0161en\u00ed zabezpe\u010den\u00ed<\/h2>\n<ul>\n<li><strong>Detekce<\/strong> \u2013 monitorov\u00e1n\u00ed (SIEM), playbooky pro PII incidenty, t\u0159\u00edd\u011bn\u00ed z\u00e1va\u017enosti.<\/li>\n<li><strong>72 hodin<\/strong> \u2013 oznamovac\u00ed lh\u016fta dozorov\u00e9mu \u00fa\u0159adu, pokud je pravd\u011bpodobn\u00e9 riziko pro pr\u00e1va a svobody.<\/li>\n<li><strong>Informov\u00e1n\u00ed subjekt\u016f<\/strong> \u2013 pokud hroz\u00ed vysok\u00e9 riziko; srozumiteln\u011b, s n\u00e1vodem, jak zm\u00edrnit dopady.<\/li>\n<li><strong>Post-mortem<\/strong> \u2013 p\u0159\u00ed\u010diny, n\u00e1pravn\u00e1 opat\u0159en\u00ed, aktualizace politik a \u0161kolen\u00ed.<\/li>\n<\/ul>\n<h2>Telekomunikace a s\u00edt\u011b: specifika z prost\u0159ed\u00ed oper\u00e1tor\u016f a ISP<\/h2>\n<ul>\n<li><strong>Provozn\u00ed a lokaliza\u010dn\u00ed \u00fadaje<\/strong> \u2013 p\u0159\u00edsn\u00e1 pravidla p\u0159\u00edstupu, reten\u010dn\u00ed doby, z\u00e1konn\u00e9 \u017e\u00e1dosti org\u00e1n\u016f.<\/li>\n<li><strong>Bezpe\u010dnost s\u00edt\u00ed<\/strong> \u2013 segmentace BSS\/OSS, dohled nad p\u0159\u00edstupem administr\u00e1tor\u016f, \u0161ifrovan\u00e9 management kan\u00e1ly.<\/li>\n<li><strong>IoT\/M2M<\/strong> \u2013 spr\u00e1va identit za\u0159\u00edzen\u00ed, minim\u00e1ln\u00ed telemetrie, profilace rizik podle typu senzoru.<\/li>\n<\/ul>\n<h2>Monitoring zam\u011bstnanc\u016f, BYOD a kamery<\/h2>\n<ul>\n<li><strong>Proporcionalita<\/strong> \u2013 jasn\u00fd \u00fa\u010del (bezpe\u010dnost, ochrana majetku), minim\u00e1ln\u00ed z\u00e1sah do soukrom\u00ed.<\/li>\n<li><strong>Transparentnost<\/strong> \u2013 intern\u00ed sm\u011brnice, informa\u010dn\u00ed tabule, z\u00e1znamy o zpracov\u00e1n\u00ed.<\/li>\n<li><strong>BYOD\/MDM<\/strong> \u2013 odd\u011blen\u00ed firemn\u00edch a soukrom\u00fdch kontejner\u016f, maz\u00e1n\u00ed jen firemn\u00edch dat, logov\u00e1n\u00ed s minimem PII.<\/li>\n<\/ul>\n<h2>Smluvn\u00ed r\u00e1mce se zpracovateli<\/h2>\n<ul>\n<li><strong>DPA (Data Processing Agreement)<\/strong> \u2013 \u00fa\u010dely, typy dat, bezpe\u010dnost, sub-zpracovatel\u00e9, audity, notifikace incident\u016f.<\/li>\n<li><strong>SLA a bezpe\u010dnostn\u00ed p\u0159\u00edlohy<\/strong> \u2013 reak\u010dn\u00ed \u010dasy, testov\u00e1n\u00ed, certifikace, pen\u00e1le.<\/li>\n<li><strong>Exit pl\u00e1ny<\/strong> \u2013 p\u0159enositelnost dat, maz\u00e1n\u00ed po ukon\u010den\u00ed, podpora migrace.<\/li>\n<\/ul>\n<h2>Metodiky, metriky a auditn\u00ed p\u0159ipravenost<\/h2>\n<ul>\n<li><strong>KPI privacy<\/strong> \u2013 po\u010det uzav\u0159en\u00fdch \u017e\u00e1dost\u00ed subjekt\u016f ve lh\u016ft\u011b, pr\u016fm\u011brn\u00e1 doba v\u00fdmazu, m\u00edra \u201edata minimization\u201c (po\u010det pol\u00ed vs. pot\u0159eba).<\/li>\n<li><strong>Evidence zpracov\u00e1n\u00ed<\/strong> \u2013 aktualizovan\u00e9 registry \u010dinnost\u00ed, vlastn\u00edci syst\u00e9m\u016f, datov\u00e9 toky, pr\u00e1vn\u00ed z\u00e1klady.<\/li>\n<li><strong>Kontinu\u00e1ln\u00ed zlep\u0161ov\u00e1n\u00ed<\/strong> \u2013 pravideln\u00e1 revize banner\u016f, formul\u00e1\u0159\u016f, smluv, p\u0159\u00edstup\u016f a retenc\u00ed.<\/li>\n<\/ul>\n<h2>Praktick\u00fd \u201eprivacy engineering\u201c checklist pro v\u00fdvoj\u00e1\u0159e<\/h2>\n<ul>\n<li>M\u00e1 endpoint skute\u010dn\u011b zpracov\u00e1vat PII? Pokud ano, <strong>od\u016fvodn\u011bte<\/strong> (\u00fa\u010del, pr\u00e1vn\u00ed z\u00e1klad) a <strong>logicky odd\u011blte<\/strong>.<\/li>\n<li>Implementujte <strong>datov\u00e9 \u0161t\u00edtky<\/strong> (tagging) pro PII sloupce a automatickou detekci v CI\/CD.<\/li>\n<li>Pro logy: PII zak\u00e1zat, nebo tokenizovat\/hashovat; u chyb vracet generick\u00e9 zpr\u00e1vy, detail do intern\u00edch log\u016f bez PII.<\/li>\n<li>V\u00fdchoz\u00ed konfigurace \u201eprivacy by default\u201c \u2013 vypnut\u00e1 personalizace, nejni\u017e\u0161\u00ed sd\u00edlen\u00ed, nejdel\u0161\u00ed mo\u017en\u00e1 anonymizace.<\/li>\n<li>API rate limiting a \u0159\u00edzen\u00ed session (kr\u00e1tk\u00e1 expirace, rotace token\u016f, MFA pro citliv\u00e9 operace).<\/li>\n<li>Pro export dat (portability) pou\u017e\u00edvejte standardn\u00ed form\u00e1ty, jasn\u00fd slovn\u00edk pol\u00ed a kontrolu p\u0159\u00edjemce.<\/li>\n<\/ul>\n<h2>\u010cast\u00e9 chyby a jak se jim vyhnout<\/h2>\n<ul>\n<li><strong>Sb\u011br \u201epro jistotu\u201c<\/strong> \u2013 zvy\u0161uje riziko; definujte minim\u00e1ln\u00ed datovou sadu.<\/li>\n<li><strong>Testov\u00e1n\u00ed na produk\u010dn\u00edch datech<\/strong> \u2013 nahra\u010fte gener\u00e1tory syntetick\u00fdch dat.<\/li>\n<li><strong>Nejasn\u00e9 role<\/strong> \u2013 napi\u0161te RACI: kdo je spr\u00e1vce, kdo zpracovatel, kdo DPO.<\/li>\n<li><strong>\u201eV\u0161ichni admin\u201c<\/strong> p\u0159\u00edstupy \u2013 zave\u010fte nejmen\u0161\u00ed opr\u00e1vn\u011bn\u00ed, JIT a recertifikace p\u0159\u00edstup\u016f.<\/li>\n<li><strong>Bez reten\u010dn\u00edch pl\u00e1n\u016f<\/strong> \u2013 bez nich se data nikdy nema\u017eou; automatizujte mazac\u00ed joby.<\/li>\n<\/ul>\n<h2>Regula\u010dn\u00ed ekosyst\u00e9m souvisej\u00edc\u00ed s privacy<\/h2>\n<p>Krom\u011b GDPR sledujte horizont\u00e1ln\u011b souvisej\u00edc\u00ed p\u0159edpisy a r\u00e1mce (dle va\u0161eho odv\u011btv\u00ed): <strong>ePrivacy<\/strong> (cookies, komunikace), <strong>NIS2<\/strong> (kybernetick\u00e1 bezpe\u010dnost kritick\u00fdch a d\u016fle\u017eit\u00fdch subjekt\u016f), <strong>DORA<\/strong> (finan\u010dn\u00ed sektor), <strong>AI Act<\/strong> (rizikov\u00e9 AI syst\u00e9my a data), n\u00e1rodn\u00ed z\u00e1kony (v \u010cR nap\u0159. z\u00e1kon o zpracov\u00e1n\u00ed osobn\u00edch \u00fadaj\u016f). Integrace po\u017eadavk\u016f nap\u0159\u00ed\u010d regulacemi sni\u017euje duplicity.<\/p>\n<h2>Minimalistick\u00fd pl\u00e1n implementace pro st\u0159edn\u00ed firmu (90 dn\u00ed)<\/h2>\n<ol>\n<li><strong>T\u00fdden 1\u20132<\/strong> \u2013 inventura syst\u00e9m\u016f a datov\u00fdch tok\u016f, jmenov\u00e1n\u00ed vlastn\u00edk\u016f, rychl\u00fd gap assessment.<\/li>\n<li><strong>T\u00fdden 3\u20134<\/strong> \u2013 evidence zpracov\u00e1n\u00ed, mapy tok\u016f, pr\u00e1vn\u00ed z\u00e1klady, reten\u010dn\u00ed politika.<\/li>\n<li><strong>Den 30<\/strong> \u2013 bezpe\u010dnostn\u00ed baseline (\u0161ifrov\u00e1n\u00ed, p\u0159\u00edstupy, logy bez PII), cookie banner revize.<\/li>\n<li><strong>Den 45<\/strong> \u2013 DPA se zpracovateli, seznam sub-procesor\u016f, TIA pro p\u0159eshrani\u010dn\u00ed p\u0159enosy.<\/li>\n<li><strong>Den 60<\/strong> \u2013 DPIA pro rizikov\u00e9 projekty, \u0161kolen\u00ed v\u00fdvoj\/marketing\/HR.<\/li>\n<li><strong>Den 90<\/strong> \u2013 DSAR port\u00e1l, automatizace retenc\u00ed, intern\u00ed audit a pl\u00e1n zlep\u0161ov\u00e1n\u00ed.<\/li>\n<\/ol>\n<h2>FAQ pro techniky i management<\/h2>\n<ul>\n<li><strong>Sta\u010d\u00ed \u0161ifrov\u00e1n\u00ed pro compliance?<\/strong> \u2013 Ne. Je to nutn\u00e9, ale ne posta\u010duj\u00edc\u00ed; d\u016fle\u017eit\u00e9 jsou \u00fa\u010dely, minimalizace a procesy.<\/li>\n<li><strong>Mohu pou\u017e\u00edt opr\u00e1vn\u011bn\u00fd z\u00e1jem pro analytiku?<\/strong> \u2013 N\u011bkdy ano pro nezbytnou, agregovanou, bez PII a s balan\u010dn\u00edm testem; marketingov\u00e1 personalizace typicky vy\u017eaduje souhlas.<\/li>\n<li><strong>Jak \u010dasto revidovat reten\u010dn\u00ed lh\u016fty?<\/strong> \u2013 Minim\u00e1ln\u011b ro\u010dn\u011b nebo p\u0159i zm\u011bn\u011b \u00fa\u010delu\/syst\u00e9mu.<\/li>\n<li><strong>Kdo schvaluje v\u00fdjimky?<\/strong> \u2013 Vlastn\u00edk syst\u00e9mu + DPO + bezpe\u010dnost; v\u0161e s \u010dasov\u00fdm omezen\u00edm a auditn\u00ed stopou.<\/li>\n<\/ul>\n<h2>Z\u00e1v\u011br<\/h2>\n<p>Ochrana osobn\u00edch \u00fadaj\u016f je kontinu\u00e1ln\u00ed proces: propojuje architekturu, k\u00f3d, provoz i smlouvy. Investice do privacy-by-design sni\u017euj\u00ed n\u00e1klady na incidenty a pr\u00e1vn\u00ed rizika, zvy\u0161uj\u00ed kvalitu dat a posiluj\u00ed d\u016fv\u011bru z\u00e1kazn\u00edk\u016f. Za\u010dn\u011bte inventurou, nastavte minim\u00e1ln\u00ed datovou sadu, zabezpe\u010dte p\u0159\u00edstupy a retence, a pravideln\u011b m\u011b\u0159te a vylep\u0161ujte. Tak vypad\u00e1 skute\u010dn\u00e1 <strong>privacy kultura<\/strong> v modern\u00ed technologick\u00e9 organizaci.<\/p>\n","protected":false},"excerpt":{"rendered":"<p>Ochrana osobn\u00fdch \u00fadajov v praxi: princ\u00edpy GDPR, s\u00fahlasy a pr\u00e1va \u013eud\u00ed. Ako minimalizova\u0165 d\u00e1ta a nastavi\u0165 retention, aby ste sp\u013a\u0148ali regul\u00e1cie.<\/p>\n","protected":false},"author":46,"featured_media":84145,"comment_status":"open","ping_status":"open","sticky":false,"template":"","format":"standard","meta":{"footnotes":""},"categories":[617],"tags":[1806,309,1807,1808,1809,1810,1811,1812],"class_list":["post-44145","post","type-post","status-publish","format-standard","has-post-thumbnail","hentry","category-telekomunikacie","tag-dpia","tag-gdpr","tag-minimalizacia","tag-ochrana-osobnych-udajov","tag-prava-dotknutych","tag-privacy-by-design","tag-retention","tag-suhlasy"],"yoast_head":"<!-- This site is optimized with the Yoast SEO plugin v27.5 - https:\/\/yoast.com\/product\/yoast-seo-wordpress\/ -->\n<title>GDPR a ochrana osobn\u00edch \u00fadaj\u016f: Pr\u00e1vn\u00ed a technick\u00e9 aspekty - Auto\u0161koly.sk<\/title>\n<meta name=\"robots\" content=\"index, follow, max-snippet:-1, max-image-preview:large, max-video-preview:-1\" \/>\n<link rel=\"canonical\" href=\"https:\/\/www.autoskoly.sk\/news\/gdpr-a-ochrana-osobnich-udaju-pravni-a-technicke-aspekty\/\" \/>\n<meta property=\"og:locale\" content=\"sk_SK\" \/>\n<meta property=\"og:type\" content=\"article\" \/>\n<meta property=\"og:title\" content=\"GDPR a ochrana osobn\u00edch \u00fadaj\u016f: Pr\u00e1vn\u00ed a technick\u00e9 aspekty - Auto\u0161koly.sk\" \/>\n<meta property=\"og:description\" content=\"Ochrana osobn\u00fdch \u00fadajov v praxi: princ\u00edpy GDPR, s\u00fahlasy a pr\u00e1va \u013eud\u00ed. Ako minimalizova\u0165 d\u00e1ta a nastavi\u0165 retention, aby ste sp\u013a\u0148ali regul\u00e1cie.\" \/>\n<meta property=\"og:url\" content=\"https:\/\/www.autoskoly.sk\/news\/gdpr-a-ochrana-osobnich-udaju-pravni-a-technicke-aspekty\/\" \/>\n<meta property=\"og:site_name\" content=\"Auto\u0161koly.sk\" \/>\n<meta property=\"article:publisher\" content=\"https:\/\/www.facebook.com\/vrtulniky\/\" \/>\n<meta property=\"article:published_time\" content=\"2026-01-21T09:10:24+00:00\" \/>\n<meta property=\"og:image\" content=\"https:\/\/www.autoskoly.sk\/news\/wp-content\/uploads\/2025\/12\/vzdelavanie-vysoka-skola-4145.jpg\" \/>\n\t<meta property=\"og:image:width\" content=\"1600\" \/>\n\t<meta property=\"og:image:height\" content=\"1066\" \/>\n\t<meta property=\"og:image:type\" content=\"image\/jpeg\" \/>\n<meta name=\"author\" content=\"Veronika Benkov\u00e1\" \/>\n<meta name=\"twitter:card\" content=\"summary_large_image\" \/>\n<meta name=\"twitter:label1\" content=\"Autor\" \/>\n\t<meta name=\"twitter:data1\" content=\"Veronika Benkov\u00e1\" \/>\n\t<meta name=\"twitter:label2\" content=\"Predpokladan\u00fd \u010das \u010d\u00edtania\" \/>\n\t<meta name=\"twitter:data2\" content=\"9 min\u00fat\" \/>\n<script type=\"application\/ld+json\" class=\"yoast-schema-graph\">{\"@context\":\"https:\\\/\\\/schema.org\",\"@graph\":[{\"@type\":\"Article\",\"@id\":\"https:\\\/\\\/www.autoskoly.sk\\\/news\\\/gdpr-a-ochrana-osobnich-udaju-pravni-a-technicke-aspekty\\\/#article\",\"isPartOf\":{\"@id\":\"https:\\\/\\\/www.autoskoly.sk\\\/news\\\/gdpr-a-ochrana-osobnich-udaju-pravni-a-technicke-aspekty\\\/\"},\"author\":{\"name\":\"Veronika Benkov\u00e1\",\"@id\":\"https:\\\/\\\/www.autoskoly.sk\\\/news\\\/#\\\/schema\\\/person\\\/73d308367c26475e68925c6854f42643\"},\"headline\":\"GDPR a ochrana osobn\u00edch \u00fadaj\u016f: Pr\u00e1vn\u00ed a technick\u00e9 aspekty\",\"datePublished\":\"2026-01-21T09:10:24+00:00\",\"mainEntityOfPage\":{\"@id\":\"https:\\\/\\\/www.autoskoly.sk\\\/news\\\/gdpr-a-ochrana-osobnich-udaju-pravni-a-technicke-aspekty\\\/\"},\"wordCount\":1893,\"commentCount\":0,\"publisher\":{\"@id\":\"https:\\\/\\\/www.autoskoly.sk\\\/news\\\/#organization\"},\"image\":{\"@id\":\"https:\\\/\\\/www.autoskoly.sk\\\/news\\\/gdpr-a-ochrana-osobnich-udaju-pravni-a-technicke-aspekty\\\/#primaryimage\"},\"thumbnailUrl\":\"https:\\\/\\\/www.autoskoly.sk\\\/news\\\/wp-content\\\/uploads\\\/2025\\\/12\\\/vzdelavanie-vysoka-skola-4145.jpg\",\"keywords\":[\"DPIA\",\"GDPR\",\"minimaliz\u00e1cia\",\"ochrana osobn\u00fdch \u00fadajov\",\"pr\u00e1va dotknut\u00fdch\",\"privacy-by-design\",\"retention\",\"s\u00fahlasy\"],\"articleSection\":[\"Telekomunik\u00e1cie\"],\"inLanguage\":\"sk-SK\",\"potentialAction\":[{\"@type\":\"CommentAction\",\"name\":\"Comment\",\"target\":[\"https:\\\/\\\/www.autoskoly.sk\\\/news\\\/gdpr-a-ochrana-osobnich-udaju-pravni-a-technicke-aspekty\\\/#respond\"]}]},{\"@type\":\"WebPage\",\"@id\":\"https:\\\/\\\/www.autoskoly.sk\\\/news\\\/gdpr-a-ochrana-osobnich-udaju-pravni-a-technicke-aspekty\\\/\",\"url\":\"https:\\\/\\\/www.autoskoly.sk\\\/news\\\/gdpr-a-ochrana-osobnich-udaju-pravni-a-technicke-aspekty\\\/\",\"name\":\"GDPR a ochrana osobn\u00edch \u00fadaj\u016f: Pr\u00e1vn\u00ed a technick\u00e9 aspekty - Auto\u0161koly.sk\",\"isPartOf\":{\"@id\":\"https:\\\/\\\/www.autoskoly.sk\\\/news\\\/#website\"},\"primaryImageOfPage\":{\"@id\":\"https:\\\/\\\/www.autoskoly.sk\\\/news\\\/gdpr-a-ochrana-osobnich-udaju-pravni-a-technicke-aspekty\\\/#primaryimage\"},\"image\":{\"@id\":\"https:\\\/\\\/www.autoskoly.sk\\\/news\\\/gdpr-a-ochrana-osobnich-udaju-pravni-a-technicke-aspekty\\\/#primaryimage\"},\"thumbnailUrl\":\"https:\\\/\\\/www.autoskoly.sk\\\/news\\\/wp-content\\\/uploads\\\/2025\\\/12\\\/vzdelavanie-vysoka-skola-4145.jpg\",\"datePublished\":\"2026-01-21T09:10:24+00:00\",\"breadcrumb\":{\"@id\":\"https:\\\/\\\/www.autoskoly.sk\\\/news\\\/gdpr-a-ochrana-osobnich-udaju-pravni-a-technicke-aspekty\\\/#breadcrumb\"},\"inLanguage\":\"sk-SK\",\"potentialAction\":[{\"@type\":\"ReadAction\",\"target\":[\"https:\\\/\\\/www.autoskoly.sk\\\/news\\\/gdpr-a-ochrana-osobnich-udaju-pravni-a-technicke-aspekty\\\/\"]}]},{\"@type\":\"ImageObject\",\"inLanguage\":\"sk-SK\",\"@id\":\"https:\\\/\\\/www.autoskoly.sk\\\/news\\\/gdpr-a-ochrana-osobnich-udaju-pravni-a-technicke-aspekty\\\/#primaryimage\",\"url\":\"https:\\\/\\\/www.autoskoly.sk\\\/news\\\/wp-content\\\/uploads\\\/2025\\\/12\\\/vzdelavanie-vysoka-skola-4145.jpg\",\"contentUrl\":\"https:\\\/\\\/www.autoskoly.sk\\\/news\\\/wp-content\\\/uploads\\\/2025\\\/12\\\/vzdelavanie-vysoka-skola-4145.jpg\",\"width\":1600,\"height\":1066,\"caption\":\"GDPR a ochrana osobn\u00edch \u00fadaj\u016f: Pr\u00e1vn\u00ed a technick\u00e9 aspekty\"},{\"@type\":\"BreadcrumbList\",\"@id\":\"https:\\\/\\\/www.autoskoly.sk\\\/news\\\/gdpr-a-ochrana-osobnich-udaju-pravni-a-technicke-aspekty\\\/#breadcrumb\",\"itemListElement\":[{\"@type\":\"ListItem\",\"position\":1,\"name\":\"Home\",\"item\":\"https:\\\/\\\/www.autoskoly.sk\\\/news\\\/\"},{\"@type\":\"ListItem\",\"position\":2,\"name\":\"GDPR a ochrana osobn\u00edch \u00fadaj\u016f: Pr\u00e1vn\u00ed a technick\u00e9 aspekty\"}]},{\"@type\":\"WebSite\",\"@id\":\"https:\\\/\\\/www.autoskoly.sk\\\/news\\\/#website\",\"url\":\"https:\\\/\\\/www.autoskoly.sk\\\/news\\\/\",\"name\":\"Auto\u0161koly.sk\",\"description\":\"Web o cestovan\u00ed, podnikan\u00ed, doprave a motorizme\",\"publisher\":{\"@id\":\"https:\\\/\\\/www.autoskoly.sk\\\/news\\\/#organization\"},\"potentialAction\":[{\"@type\":\"SearchAction\",\"target\":{\"@type\":\"EntryPoint\",\"urlTemplate\":\"https:\\\/\\\/www.autoskoly.sk\\\/news\\\/?s={search_term_string}\"},\"query-input\":{\"@type\":\"PropertyValueSpecification\",\"valueRequired\":true,\"valueName\":\"search_term_string\"}}],\"inLanguage\":\"sk-SK\"},{\"@type\":\"Organization\",\"@id\":\"https:\\\/\\\/www.autoskoly.sk\\\/news\\\/#organization\",\"name\":\"Auto\u0161koly.sk\",\"url\":\"https:\\\/\\\/www.autoskoly.sk\\\/news\\\/\",\"logo\":{\"@type\":\"ImageObject\",\"inLanguage\":\"sk-SK\",\"@id\":\"https:\\\/\\\/www.autoskoly.sk\\\/news\\\/#\\\/schema\\\/logo\\\/image\\\/\",\"url\":\"https:\\\/\\\/www.autoskoly.sk\\\/news\\\/wp-content\\\/uploads\\\/2022\\\/08\\\/news-autoskoly-sk-logo-head.png\",\"contentUrl\":\"https:\\\/\\\/www.autoskoly.sk\\\/news\\\/wp-content\\\/uploads\\\/2022\\\/08\\\/news-autoskoly-sk-logo-head.png\",\"width\":112,\"height\":113,\"caption\":\"Auto\u0161koly.sk\"},\"image\":{\"@id\":\"https:\\\/\\\/www.autoskoly.sk\\\/news\\\/#\\\/schema\\\/logo\\\/image\\\/\"},\"sameAs\":[\"https:\\\/\\\/www.facebook.com\\\/vrtulniky\\\/\"]},{\"@type\":\"Person\",\"@id\":\"https:\\\/\\\/www.autoskoly.sk\\\/news\\\/#\\\/schema\\\/person\\\/73d308367c26475e68925c6854f42643\",\"name\":\"Veronika Benkov\u00e1\",\"url\":\"https:\\\/\\\/www.autoskoly.sk\\\/news\\\/author\\\/veronika-benkova\\\/\"}]}<\/script>\n<!-- \/ Yoast SEO plugin. -->","yoast_head_json":{"title":"GDPR a ochrana osobn\u00edch \u00fadaj\u016f: Pr\u00e1vn\u00ed a technick\u00e9 aspekty - Auto\u0161koly.sk","robots":{"index":"index","follow":"follow","max-snippet":"max-snippet:-1","max-image-preview":"max-image-preview:large","max-video-preview":"max-video-preview:-1"},"canonical":"https:\/\/www.autoskoly.sk\/news\/gdpr-a-ochrana-osobnich-udaju-pravni-a-technicke-aspekty\/","og_locale":"sk_SK","og_type":"article","og_title":"GDPR a ochrana osobn\u00edch \u00fadaj\u016f: Pr\u00e1vn\u00ed a technick\u00e9 aspekty - Auto\u0161koly.sk","og_description":"Ochrana osobn\u00fdch \u00fadajov v praxi: princ\u00edpy GDPR, s\u00fahlasy a pr\u00e1va \u013eud\u00ed. Ako minimalizova\u0165 d\u00e1ta a nastavi\u0165 retention, aby ste sp\u013a\u0148ali regul\u00e1cie.","og_url":"https:\/\/www.autoskoly.sk\/news\/gdpr-a-ochrana-osobnich-udaju-pravni-a-technicke-aspekty\/","og_site_name":"Auto\u0161koly.sk","article_publisher":"https:\/\/www.facebook.com\/vrtulniky\/","article_published_time":"2026-01-21T09:10:24+00:00","og_image":[{"width":1600,"height":1066,"url":"https:\/\/www.autoskoly.sk\/news\/wp-content\/uploads\/2025\/12\/vzdelavanie-vysoka-skola-4145.jpg","type":"image\/jpeg"}],"author":"Veronika Benkov\u00e1","twitter_card":"summary_large_image","twitter_misc":{"Autor":"Veronika Benkov\u00e1","Predpokladan\u00fd \u010das \u010d\u00edtania":"9 min\u00fat"},"schema":{"@context":"https:\/\/schema.org","@graph":[{"@type":"Article","@id":"https:\/\/www.autoskoly.sk\/news\/gdpr-a-ochrana-osobnich-udaju-pravni-a-technicke-aspekty\/#article","isPartOf":{"@id":"https:\/\/www.autoskoly.sk\/news\/gdpr-a-ochrana-osobnich-udaju-pravni-a-technicke-aspekty\/"},"author":{"name":"Veronika Benkov\u00e1","@id":"https:\/\/www.autoskoly.sk\/news\/#\/schema\/person\/73d308367c26475e68925c6854f42643"},"headline":"GDPR a ochrana osobn\u00edch \u00fadaj\u016f: Pr\u00e1vn\u00ed a technick\u00e9 aspekty","datePublished":"2026-01-21T09:10:24+00:00","mainEntityOfPage":{"@id":"https:\/\/www.autoskoly.sk\/news\/gdpr-a-ochrana-osobnich-udaju-pravni-a-technicke-aspekty\/"},"wordCount":1893,"commentCount":0,"publisher":{"@id":"https:\/\/www.autoskoly.sk\/news\/#organization"},"image":{"@id":"https:\/\/www.autoskoly.sk\/news\/gdpr-a-ochrana-osobnich-udaju-pravni-a-technicke-aspekty\/#primaryimage"},"thumbnailUrl":"https:\/\/www.autoskoly.sk\/news\/wp-content\/uploads\/2025\/12\/vzdelavanie-vysoka-skola-4145.jpg","keywords":["DPIA","GDPR","minimaliz\u00e1cia","ochrana osobn\u00fdch \u00fadajov","pr\u00e1va dotknut\u00fdch","privacy-by-design","retention","s\u00fahlasy"],"articleSection":["Telekomunik\u00e1cie"],"inLanguage":"sk-SK","potentialAction":[{"@type":"CommentAction","name":"Comment","target":["https:\/\/www.autoskoly.sk\/news\/gdpr-a-ochrana-osobnich-udaju-pravni-a-technicke-aspekty\/#respond"]}]},{"@type":"WebPage","@id":"https:\/\/www.autoskoly.sk\/news\/gdpr-a-ochrana-osobnich-udaju-pravni-a-technicke-aspekty\/","url":"https:\/\/www.autoskoly.sk\/news\/gdpr-a-ochrana-osobnich-udaju-pravni-a-technicke-aspekty\/","name":"GDPR a ochrana osobn\u00edch \u00fadaj\u016f: Pr\u00e1vn\u00ed a technick\u00e9 aspekty - Auto\u0161koly.sk","isPartOf":{"@id":"https:\/\/www.autoskoly.sk\/news\/#website"},"primaryImageOfPage":{"@id":"https:\/\/www.autoskoly.sk\/news\/gdpr-a-ochrana-osobnich-udaju-pravni-a-technicke-aspekty\/#primaryimage"},"image":{"@id":"https:\/\/www.autoskoly.sk\/news\/gdpr-a-ochrana-osobnich-udaju-pravni-a-technicke-aspekty\/#primaryimage"},"thumbnailUrl":"https:\/\/www.autoskoly.sk\/news\/wp-content\/uploads\/2025\/12\/vzdelavanie-vysoka-skola-4145.jpg","datePublished":"2026-01-21T09:10:24+00:00","breadcrumb":{"@id":"https:\/\/www.autoskoly.sk\/news\/gdpr-a-ochrana-osobnich-udaju-pravni-a-technicke-aspekty\/#breadcrumb"},"inLanguage":"sk-SK","potentialAction":[{"@type":"ReadAction","target":["https:\/\/www.autoskoly.sk\/news\/gdpr-a-ochrana-osobnich-udaju-pravni-a-technicke-aspekty\/"]}]},{"@type":"ImageObject","inLanguage":"sk-SK","@id":"https:\/\/www.autoskoly.sk\/news\/gdpr-a-ochrana-osobnich-udaju-pravni-a-technicke-aspekty\/#primaryimage","url":"https:\/\/www.autoskoly.sk\/news\/wp-content\/uploads\/2025\/12\/vzdelavanie-vysoka-skola-4145.jpg","contentUrl":"https:\/\/www.autoskoly.sk\/news\/wp-content\/uploads\/2025\/12\/vzdelavanie-vysoka-skola-4145.jpg","width":1600,"height":1066,"caption":"GDPR a ochrana osobn\u00edch \u00fadaj\u016f: Pr\u00e1vn\u00ed a technick\u00e9 aspekty"},{"@type":"BreadcrumbList","@id":"https:\/\/www.autoskoly.sk\/news\/gdpr-a-ochrana-osobnich-udaju-pravni-a-technicke-aspekty\/#breadcrumb","itemListElement":[{"@type":"ListItem","position":1,"name":"Home","item":"https:\/\/www.autoskoly.sk\/news\/"},{"@type":"ListItem","position":2,"name":"GDPR a ochrana osobn\u00edch \u00fadaj\u016f: Pr\u00e1vn\u00ed a technick\u00e9 aspekty"}]},{"@type":"WebSite","@id":"https:\/\/www.autoskoly.sk\/news\/#website","url":"https:\/\/www.autoskoly.sk\/news\/","name":"Auto\u0161koly.sk","description":"Web o cestovan\u00ed, podnikan\u00ed, doprave a motorizme","publisher":{"@id":"https:\/\/www.autoskoly.sk\/news\/#organization"},"potentialAction":[{"@type":"SearchAction","target":{"@type":"EntryPoint","urlTemplate":"https:\/\/www.autoskoly.sk\/news\/?s={search_term_string}"},"query-input":{"@type":"PropertyValueSpecification","valueRequired":true,"valueName":"search_term_string"}}],"inLanguage":"sk-SK"},{"@type":"Organization","@id":"https:\/\/www.autoskoly.sk\/news\/#organization","name":"Auto\u0161koly.sk","url":"https:\/\/www.autoskoly.sk\/news\/","logo":{"@type":"ImageObject","inLanguage":"sk-SK","@id":"https:\/\/www.autoskoly.sk\/news\/#\/schema\/logo\/image\/","url":"https:\/\/www.autoskoly.sk\/news\/wp-content\/uploads\/2022\/08\/news-autoskoly-sk-logo-head.png","contentUrl":"https:\/\/www.autoskoly.sk\/news\/wp-content\/uploads\/2022\/08\/news-autoskoly-sk-logo-head.png","width":112,"height":113,"caption":"Auto\u0161koly.sk"},"image":{"@id":"https:\/\/www.autoskoly.sk\/news\/#\/schema\/logo\/image\/"},"sameAs":["https:\/\/www.facebook.com\/vrtulniky\/"]},{"@type":"Person","@id":"https:\/\/www.autoskoly.sk\/news\/#\/schema\/person\/73d308367c26475e68925c6854f42643","name":"Veronika Benkov\u00e1","url":"https:\/\/www.autoskoly.sk\/news\/author\/veronika-benkova\/"}]}},"_links":{"self":[{"href":"https:\/\/www.autoskoly.sk\/news\/wp-json\/wp\/v2\/posts\/44145","targetHints":{"allow":["GET"]}}],"collection":[{"href":"https:\/\/www.autoskoly.sk\/news\/wp-json\/wp\/v2\/posts"}],"about":[{"href":"https:\/\/www.autoskoly.sk\/news\/wp-json\/wp\/v2\/types\/post"}],"author":[{"embeddable":true,"href":"https:\/\/www.autoskoly.sk\/news\/wp-json\/wp\/v2\/users\/46"}],"replies":[{"embeddable":true,"href":"https:\/\/www.autoskoly.sk\/news\/wp-json\/wp\/v2\/comments?post=44145"}],"version-history":[{"count":1,"href":"https:\/\/www.autoskoly.sk\/news\/wp-json\/wp\/v2\/posts\/44145\/revisions"}],"predecessor-version":[{"id":926686,"href":"https:\/\/www.autoskoly.sk\/news\/wp-json\/wp\/v2\/posts\/44145\/revisions\/926686"}],"wp:featuredmedia":[{"embeddable":true,"href":"https:\/\/www.autoskoly.sk\/news\/wp-json\/wp\/v2\/media\/84145"}],"wp:attachment":[{"href":"https:\/\/www.autoskoly.sk\/news\/wp-json\/wp\/v2\/media?parent=44145"}],"wp:term":[{"taxonomy":"category","embeddable":true,"href":"https:\/\/www.autoskoly.sk\/news\/wp-json\/wp\/v2\/categories?post=44145"},{"taxonomy":"post_tag","embeddable":true,"href":"https:\/\/www.autoskoly.sk\/news\/wp-json\/wp\/v2\/tags?post=44145"}],"curies":[{"name":"wp","href":"https:\/\/api.w.org\/{rel}","templated":true}]}}