{"id":44324,"date":"2026-01-18T17:40:44","date_gmt":"2026-01-18T16:40:44","guid":{"rendered":"https:\/\/www.derivaty.sk\/?p=44324"},"modified":"2026-01-05T14:08:11","modified_gmt":"2026-01-05T13:08:11","slug":"fiskalna-politika-statu-nastroje-ciele-a-proticyklicke-opatrenia","status":"publish","type":"post","link":"https:\/\/www.autoskoly.sk\/news\/fiskalna-politika-statu-nastroje-ciele-a-proticyklicke-opatrenia\/","title":{"rendered":"Fi\u0161k\u00e1lna politika \u0161t\u00e1tu: N\u00e1stroje, ciele a proticyklick\u00e9 opatrenia"},"content":{"rendered":"<h2>Defin\u00edcia a v\u00fdznam fi\u0161k\u00e1lnej politiky \u0161t\u00e1tu<\/h2>\n<p>Fi\u0161k\u00e1lna politika je s\u00fabor rozhodnut\u00ed vl\u00e1dy o daniach, verejn\u00fdch v\u00fddavkoch a hospod\u00e1ren\u00ed s verejn\u00fdm dlhom s cie\u013eom ovplyv\u0148ova\u0165 makroekonomick\u00fd v\u00fdvoj. Je k\u013e\u00fa\u010dov\u00fdm n\u00e1strojom hospod\u00e1rskej politiky popri menovej politike. Cez fi\u0161k\u00e1lne opatrenia \u0161t\u00e1t stabilizuje hospod\u00e1rsky cyklus, podporuje dlhodob\u00fd rast, koriguje trhov\u00e9 zlyhania a zabezpe\u010duje redistrib\u00faciu pr\u00edjmov a financovanie verejn\u00fdch statkov.<\/p>\n<h2>Ciele fi\u0161k\u00e1lnej politiky<\/h2>\n<ul>\n<li><strong>Stabiliza\u010dn\u00fd cie\u013e:<\/strong> tlmenie hospod\u00e1rskych v\u00fdkyvov, zni\u017eovanie nezamestnanosti a udr\u017eiavanie primeranej infl\u00e1cie.<\/li>\n<li><strong>Aloka\u010dn\u00fd cie\u013e:<\/strong> efekt\u00edvne poskytovanie verejn\u00fdch statkov a invest\u00edci\u00ed s vysok\u00fdm spolo\u010densk\u00fdm pr\u00ednosom (vzdel\u00e1vanie, infra\u0161trukt\u00fara, zdravotn\u00edctvo).<\/li>\n<li><strong>Redistribu\u010dn\u00fd cie\u013e:<\/strong> zmier\u0148ovanie pr\u00edjmovej nerovnosti a soci\u00e1lna koh\u00e9zia prostredn\u00edctvom da\u0148ov\u00e9ho a transferov\u00e9ho syst\u00e9mu.<\/li>\n<li><strong>Udr\u017eate\u013enos\u0165 verejn\u00fdch financi\u00ed:<\/strong> dlhodob\u00e1 schopnos\u0165 plni\u0165 z\u00e1v\u00e4zky bez nadmern\u00e9ho rastu dlhu a \u00farokovej z\u00e1\u0165a\u017ee.<\/li>\n<\/ul>\n<h2>Z\u00e1kladn\u00e9 n\u00e1stroje fi\u0161k\u00e1lnej politiky<\/h2>\n<ul>\n<li><strong>Da\u0148ov\u00e1 politika:<\/strong> \u0161trukt\u00fara a sadzby priamych a nepriamych dan\u00ed, efekt\u00edvna v\u00fdberov\u00e1 spr\u00e1va, da\u0148ov\u00e9 \u00fa\u013eavy a odpo\u010dty.<\/li>\n<li><strong>Verejn\u00e9 v\u00fddavky:<\/strong> be\u017en\u00e9 (mzdy, tovary a slu\u017eby, soci\u00e1lne transfery) a kapit\u00e1lov\u00e9 (invest\u00edcie). D\u00f4le\u017eit\u00e1 je ich efekt\u00edvnos\u0165 a multiplika\u010dn\u00fd efekt.<\/li>\n<li><strong>Rozpo\u010dtov\u00fd deficit a prebytok:<\/strong> saldo medzi pr\u00edjmami a v\u00fddavkami; jeho v\u00fd\u0161ka a cyklick\u00e1\/upraven\u00e1 podoba informuje o nastaven\u00ed politiky.<\/li>\n<li><strong>Verejn\u00fd dlh a jeho spr\u00e1va:<\/strong> \u010dasov\u00e1 \u0161trukt\u00fara, menov\u00e9 zlo\u017eenie, fix\u00e1cia \u00farokov, strat\u00e9gia refinancovania a likviditn\u00e9 rezervy.<\/li>\n<\/ul>\n<h2>Automatick\u00e9 stabiliz\u00e1tory vs. diskre\u010dn\u00e9 opatrenia<\/h2>\n<p><strong>Automatick\u00e9 stabiliz\u00e1tory<\/strong> s\u00fa zabudovan\u00e9 mechanizmy, ktor\u00e9 bez nov\u00fdch z\u00e1konov tlmia v\u00fdkyvy: progres\u00edvne dane, d\u00e1vky v nezamestnanosti \u010di d\u00e1vkov\u00e9 sch\u00e9my z\u00e1visl\u00e9 od pr\u00edjmu. V recesii klesaj\u00fa da\u0148ov\u00e9 pr\u00edjmy a rast\u00fa soci\u00e1lne v\u00fddavky, \u010d\u00edm sa zvy\u0161uje deficit, no s\u00fa\u010dasne sa podporuje dopyt. <strong>Diskre\u010dn\u00e9 opatrenia<\/strong> s\u00fa vedom\u00e9 zmeny sadzieb a v\u00fddavkov (napr. do\u010dasn\u00e9 zn\u00ed\u017eenie DPH, investi\u010dn\u00e9 bal\u00edky), ktor\u00e9 si vy\u017eaduj\u00fa legislat\u00edvny proces a presn\u00e9 na\u010dasovanie.<\/p>\n<h2>Fi\u0161k\u00e1lny multiplik\u00e1tor a \u00fa\u010dinnos\u0165 v\u00fddavkov<\/h2>\n<p>Fi\u0161k\u00e1lny multiplik\u00e1tor meria, o ko\u013eko sa zmen\u00ed HDP pri zmene v\u00fddavkov alebo dan\u00ed o jednotku. <strong>V\u00fddavkov\u00e9 multiplik\u00e1tory<\/strong> b\u00fdvaj\u00fa vy\u0161\u0161ie ne\u017e da\u0148ov\u00e9, najm\u00e4 v recesii, pri viazan\u00ed menovej politiky na nulov\u00e9 sadzby, pri n\u00edzkej otvorenosti ekonomiky a ke\u010f s\u00fa v\u00fddavky adresovan\u00e9 dom\u00e1cnostiam s vysokou medznou tendenciou spotrebova\u0165. <strong>Invest\u00edcie do infra\u0161trukt\u00fary, vzdel\u00e1vania a R&amp;D<\/strong> maj\u00fa z\u00e1rove\u0148 dlhodob\u00e9 ponukov\u00e9 efekty (vy\u0161\u0161ia produktivita). \u00da\u010dinnos\u0165 zni\u017euj\u00fa \u00fazke hrdl\u00e1, dlh\u00e9 povo\u013eovacie procesy a neefekt\u00edvne verejn\u00e9 obstar\u00e1vania.<\/p>\n<h2>Procyklickos\u0165 a proticyklickos\u0165 fi\u0161k\u00e1lnej politiky<\/h2>\n<p><strong>Proticyklick\u00e1 politika<\/strong> zvy\u0161uje deficit (alebo zni\u017euje prebytok) v recesii a konsoliduje v expanzii. <strong>Procyklick\u00e1 politika<\/strong> zhor\u0161uje v\u00fdkyvy (\u0161krtanie v recesii a expanzia v boome). Pre mal\u00e9 otvoren\u00e9 ekonomiky je proticyklickos\u0165 n\u00e1ro\u010dn\u00e1 pre obmedzen\u00fd fisk\u00e1lny priestor a volatilitu pr\u00edjmov, no k\u013e\u00fa\u010dov\u00e1 pre stabilitu.<\/p>\n<h2>Rozpo\u010dtov\u00fd proces a in\u0161titucion\u00e1lny r\u00e1mec<\/h2>\n<ul>\n<li><strong>Strednodob\u00e9 rozpo\u010dtovanie:<\/strong> viacro\u010dn\u00e9 v\u00fddavkov\u00e9 stropy, programov\u00e9 rozpo\u010dty a KPI pre meranie v\u00fdsledkov.<\/li>\n<li><strong>Fi\u0161k\u00e1lne pravidl\u00e1:<\/strong> dlhov\u00e9 a deficitn\u00e9 limity, \u0161truktur\u00e1lne sald\u00e1, v\u00fddavkov\u00e9 pravidlo.<\/li>\n<li><strong>Nez\u00e1visl\u00e9 fi\u0161k\u00e1lne rady:<\/strong> hodnotenie progn\u00f3z, doh\u013ead nad dodr\u017eiavan\u00edm pravidiel a transparentnos\u0165.<\/li>\n<li><strong>Rozpo\u010dtov\u00e1 transparentnos\u0165:<\/strong> v\u010dasn\u00e9 publikovanie n\u00e1vrhov, metod\u00edk a hodnoten\u00ed dopadov (RIA), otvoren\u00e9 d\u00e1ta.<\/li>\n<\/ul>\n<h2>\u0160truktur\u00e1lne vs. cyklick\u00e9 saldo a fi\u0161k\u00e1lny postoj<\/h2>\n<p><strong>\u0160truktur\u00e1lne saldo<\/strong> je deficit\/prebytok o\u010disten\u00fd o vplyv hospod\u00e1rskeho cyklu a jednorazov\u00e9 polo\u017eky. Indikuje \u201enastavenie p\u00e1ky\u201c politiky. <strong>Fi\u0161k\u00e1lny postoj<\/strong> hodnot\u00edme zmenou \u0161truktur\u00e1lneho salda: expanz\u00edvny (uvo\u013enenie), re\u0161trikt\u00edvny (spr\u00edsnenie) alebo neutr\u00e1l. Presnos\u0165 odhadu z\u00e1vis\u00ed od merania potenci\u00e1lneho produktu a v\u00fdstupovej medzery, ktor\u00e9 s\u00fa za\u0165a\u017een\u00e9 neistotou.<\/p>\n<h2>Da\u0148ov\u00e1 politika: \u0161trukt\u00fara, z\u00e1sady a kompromisy<\/h2>\n<ul>\n<li><strong>Efektivita vs. spravodlivos\u0165:<\/strong> dane by mali minim\u00e1lne deformova\u0165 rozhodnutia (pr\u00e1ca\u2013vo\u013eno, \u00faspory\u2013spotreba, invest\u00edcie\u2013dividendy) a s\u00fa\u010dasne nap\u013a\u0148a\u0165 redistribu\u010dn\u00e9 ciele.<\/li>\n<li><strong>\u0160\u00edrka z\u00e1kladu a v\u00fdnimky:<\/strong> \u0161ir\u0161ie z\u00e1klady so zn\u00ed\u017eenou sadzbou zni\u017euj\u00fa skreslenia; v\u00fdnimky maj\u00fa by\u0165 cielen\u00e9 a \u010dasovo obmedzen\u00e9.<\/li>\n<li><strong>Priame vs. nepriame dane:<\/strong> mix z\u00e1vis\u00ed od preferenci\u00ed, elasticity pr\u00e1ce a spotreby, otvorenosti a administrat\u00edvnej kapacity.<\/li>\n<li><strong>Environment\u00e1lne a korekt\u00edvne dane:<\/strong> internalizuj\u00fa externality (uhl\u00edk, zne\u010distenie), no vy\u017eaduj\u00fa sprievodn\u00e9 soci\u00e1lne opatrenia.<\/li>\n<\/ul>\n<h2>Verejn\u00e9 v\u00fddavky: kvalita, adresnos\u0165 a hodnotenie<\/h2>\n<p>Pri rovnakom objeme m\u00f4\u017ee ma\u0165 rozdielne zlo\u017eenie v\u00fddavkov v\u00fdznamne odli\u0161n\u00e9 \u00fa\u010dinky. <strong>Programov\u00e9 rozpo\u010dtovanie<\/strong> sp\u00e1ja zdroje s merate\u013en\u00fdmi v\u00fdstupmi a v\u00fdsledkami. <strong>Cost\u2013benefit anal\u00fdzy<\/strong> a <strong>hodnotenie dopadov<\/strong> (ex-ante aj ex-post) zvy\u0161uj\u00fa efekt\u00edvnos\u0165. Soci\u00e1lne transfery maj\u00fa by\u0165 <strong>adresn\u00e9<\/strong> a <strong>podmienen\u00e9 v\u00fdkonmi<\/strong>, aby nenaru\u0161ovali motiv\u00e1cie viac ne\u017e je nevyhnutn\u00e9.<\/p>\n<h2>Verejn\u00fd dlh, udr\u017eate\u013enos\u0165 a rizik\u00e1<\/h2>\n<ul>\n<li><strong>Dlhov\u00e1 dynamika:<\/strong> dlh sa men\u00ed pod\u013ea prim\u00e1rneho salda, nomin\u00e1lneho rastu a \u00farokov\u00fdch sadzieb. Ak s\u00fa \u00faroky dlhodobo vy\u0161\u0161ie ne\u017e rast, dlh m\u00e1 tendenciu r\u00e1s\u0165.<\/li>\n<li><strong>Refinan\u010dn\u00e9 riziko:<\/strong> koncentrovan\u00e9 splatnosti, kr\u00e1tka priemern\u00e1 dur\u00e1cia a vysok\u00fd podiel variabiln\u00fdch sadzieb zvy\u0161uj\u00fa zranite\u013enos\u0165.<\/li>\n<li><strong>Menov\u00e9 riziko:<\/strong> dlh v cudzej mene zvy\u0161uje citlivos\u0165 na kurzov\u00e9 pohyby; preferovan\u00e9 je financovanie v dom\u00e1cej mene.<\/li>\n<li><strong>\u00darokov\u00e9 riziko:<\/strong> mix fix\u2013float a pou\u017eitie deriv\u00e1tov (swapy) na riadenie profilu \u00farokov.<\/li>\n<\/ul>\n<h2>Koordin\u00e1cia fi\u0161k\u00e1lnej a menovej politiky<\/h2>\n<p>V re\u017eime infla\u010dn\u00e9ho cie\u013eovania m\u00e1 menov\u00e1 politika prim\u00e1rny mand\u00e1t na cenov\u00fa stabilitu, fi\u0161k\u00e1lna politika by ju nemala \u201eprekri\u010da\u0165\u201c nadmernou expanziou. V obdob\u00ed nulov\u00fdch sadzieb alebo pri obmedzenej menovej reakcii m\u00f4\u017ee fi\u0161k\u00e1lna expanzia nahr\u00e1dza\u0165 \u010das\u0165 stabiliza\u010dnej funkcie. D\u00f4le\u017eit\u00e1 je <strong>koherencia sign\u00e1lov<\/strong> a d\u00f4veryhodnos\u0165 strednodob\u00e9ho ukotvenia dlhu.<\/p>\n<h2>Fi\u0161k\u00e1lne pravidl\u00e1 a eur\u00f3psky r\u00e1mec (v\u0161eobecn\u00fd preh\u013ead)<\/h2>\n<p>Fi\u0161k\u00e1lne pravidl\u00e1 obmedzuj\u00fa deficit a rast dlhu a zav\u00e1dzaj\u00fa v\u00fddavkov\u00e9 stropy \u010di \u0161truktur\u00e1lne ciele. V eur\u00f3pskom priestore s\u00fa doplnen\u00e9 o spolo\u010dn\u00e9 dohody a doh\u013ead, ktor\u00e9 podporuj\u00fa udr\u017eate\u013enos\u0165 a koordin\u00e1ciu. Ka\u017ed\u00e1 krajina ich implementuje do n\u00e1rodnej legislat\u00edvy (\u00fastavn\u00e9 z\u00e1kony, rozpo\u010dtov\u00e9 pravidl\u00e1, fi\u0161k\u00e1lne rady), pri\u010dom cie\u013eom je zabr\u00e1ni\u0165 procyklickosti a zabezpe\u010di\u0165 transparentnos\u0165.<\/p>\n<h2>Region\u00e1lne a lok\u00e1lne rozpo\u010dty<\/h2>\n<p>Subn\u00e1rodn\u00e9 vl\u00e1dy \u010dasto podliehaj\u00fa <strong>vyrovnan\u00fdm rozpo\u010dtom<\/strong> a limitom dlhu. K\u013e\u00fa\u010dov\u00e9 s\u00fa <strong>medzivl\u00e1dne transfery<\/strong>, <strong>zdie\u013ean\u00e9 dane<\/strong> a <strong>v\u00fddavkov\u00e9 pravidl\u00e1<\/strong>, ktor\u00e9 musia by\u0165 navrhnut\u00e9 tak, aby nenar\u00fa\u0161ali lok\u00e1lne motiv\u00e1cie k efekt\u00edvnosti a invest\u00edci\u00e1m.<\/p>\n<h2>Fi\u0161k\u00e1lny priestor a jeho budovanie<\/h2>\n<ul>\n<li><strong>Reformy spr\u00e1vy dan\u00ed:<\/strong> digitaliz\u00e1cia, e-fakt\u00fara, analytika riz\u00edk, zni\u017eovanie medzery DPH a da\u0148ov\u00fdch \u00fanikov.<\/li>\n<li><strong>V\u00fddavkov\u00e9 rev\u00edzie:<\/strong> systematick\u00e9 vyh\u013ead\u00e1vanie \u00faspor a presun zdrojov do programov s vy\u0161\u0161ou pridanou hodnotou.<\/li>\n<li><strong>Dlhodob\u00e9 priority:<\/strong> demografia, klimatick\u00e9 z\u00e1v\u00e4zky a obrana si vy\u017eaduj\u00fa v\u010dasn\u00e9 financovanie a preklopenie do strednodob\u00fdch r\u00e1mcov.<\/li>\n<\/ul>\n<h2>Fi\u0161k\u00e1lna politika po\u010das kr\u00edz<\/h2>\n<p>V kr\u00edzach (finan\u010dn\u00fdch, pandemick\u00fdch, energetick\u00fdch) hr\u00e1 fi\u0161k\u00e1lna politika rolu \u201eprvej pomoci\u201c: likviditn\u00e9 z\u00e1ruky, do\u010dasn\u00e9 dot\u00e1cie zranite\u013en\u00fdm dom\u00e1cnostiam a firm\u00e1m, automatick\u00e9 roz\u0161irovanie d\u00e1vok. K\u013e\u00fa\u010dov\u00e9 je <strong>cielenie<\/strong> (pomoc t\u00fdm, ktor\u00ed ju potrebuj\u00fa), <strong>do\u010dasnos\u0165<\/strong> (vyp\u00ednate\u013en\u00e9 sch\u00e9my) a <strong>transparencia<\/strong> (ex-post hodnotenie efekt\u00edvnosti). N\u00e1sledne prich\u00e1dza f\u00e1za <strong>konsolid\u00e1cie<\/strong> a n\u00e1vratu k strednodob\u00fdm cie\u013eom.<\/p>\n<h2>Meranie hodnoty za peniaze (Value for Money)<\/h2>\n<p>Modern\u00e1 fi\u0161k\u00e1lna politika zd\u00f4raz\u0148uje <strong>eviden\u010dne podlo\u017een\u00e9 rozhodovanie<\/strong>, pilotovanie programov, <strong>randomizovan\u00e9 kontrolovan\u00e9 experimenty<\/strong> v soci\u00e1lnej politike, a <strong>dashboardy<\/strong> s indik\u00e1tormi v\u00fdsledkov. Kombin\u00e1cia kvantitat\u00edvnych hodnoten\u00ed s kvalitat\u00edvnou anal\u00fdzou posil\u0148uje legitimitu rozpo\u010dtov\u00fdch prior\u00edt.<\/p>\n<h2>Etick\u00e9 a spolo\u010densk\u00e9 aspekty<\/h2>\n<p>Rozhodnutia o daniach a transferoch s\u00fa hodnotovo podmienen\u00e9. Vy\u017eaduj\u00fa dial\u00f3g o spravodlivosti, medzigenera\u010dnej rovnosti a distribu\u010dn\u00fdch dopadoch na r\u00f4zne skupiny (pracuj\u00faci, seniori, rodiny, firmy). <strong>Fi\u0161k\u00e1lna zmluva<\/strong> medzi \u0161t\u00e1tom a ob\u010danom stoj\u00ed na predv\u00eddate\u013enosti, kvalite slu\u017eieb a f\u00e9rovom zdanen\u00ed.<\/p>\n<h2>Typick\u00e9 rizik\u00e1 a ako im predch\u00e1dza\u0165<\/h2>\n<ul>\n<li><strong>Optimistick\u00e9 progn\u00f3zy pr\u00edjmov:<\/strong> pou\u017e\u00edvajte realistick\u00e9 scen\u00e1re a stresov\u00e9 testy.<\/li>\n<li><strong>Trval\u00e9 do\u010dasn\u00e9 opatrenia:<\/strong> nastavte sunset klauzuly a automatick\u00e9 vyp\u00ednanie.<\/li>\n<li><strong>Rozpo\u010dtov\u00fd kreativizmus:<\/strong> z\u00e1kaz \u00fa\u010delov\u00fdch mimorozpo\u010dtov\u00fdch ent\u00edt a transakci\u00ed mimo ESA metodiky.<\/li>\n<li><strong>N\u00edzka kvalita invest\u00edci\u00ed:<\/strong> posilnite pr\u00edpravu projektov (CBA, rizik\u00e1, povo\u013eovanie) a kapacity verejn\u00e9ho obstar\u00e1vania.<\/li>\n<\/ul>\n<h2>Modelov\u00fd r\u00e1mec pre tvorbu fi\u0161k\u00e1lnej strat\u00e9gie<\/h2>\n<ol>\n<li>Stanovenie <strong>strednodob\u00e9ho cie\u013ea<\/strong> pre saldo a dlh, kompatibiln\u00e9ho s udr\u017eate\u013enos\u0165ou.<\/li>\n<li>Vypracovanie <strong>viacro\u010dn\u00fdch v\u00fddavkov\u00fdch stropov<\/strong> a rezortn\u00fdch limitov prepojen\u00fdch na priority.<\/li>\n<li>Kalibr\u00e1cia <strong>fi\u0161k\u00e1lneho postoja<\/strong> pod\u013ea f\u00e1zy cyklu (v\u00fdpo\u010det \u0161truktur\u00e1lneho salda).<\/li>\n<li>Portf\u00f3liov\u00e1 strat\u00e9gia <strong>spr\u00e1vy dlhu<\/strong> (dur\u00e1cia, fix\u00e1cia, refinan\u010dn\u00e9 a menov\u00e9 riziko).<\/li>\n<li>Program <strong>v\u00fddavkov\u00fdch rev\u00edzi\u00ed<\/strong> a reformy spr\u00e1vy dan\u00ed na posilnenie fi\u0161k\u00e1lneho priestoru.<\/li>\n<li><strong>Komunik\u00e1cia<\/strong> a transparentnos\u0165: publik\u00e1cia d\u00e1t, metod\u00edk a priebe\u017en\u00fdch hodnoten\u00ed.<\/li>\n<\/ol>\n<p>Fi\u0161k\u00e1lna politika \u0161t\u00e1tu je mocn\u00fd a z\u00e1rove\u0148 citliv\u00fd n\u00e1stroj, ktor\u00fd pri spr\u00e1vnom nastaven\u00ed dok\u00e1\u017ee stabilizova\u0165 ekonomiku, podpori\u0165 rast produktivity a chr\u00e1ni\u0165 zranite\u013en\u00e9 skupiny, pri\u010dom zachov\u00e1 udr\u017eate\u013enos\u0165 verejn\u00fdch financi\u00ed. K\u013e\u00fa\u010dom je discipl\u00edna v dobr\u00fdch \u010dasoch, adresnos\u0165 intervenci\u00ed v zl\u00fdch \u010dasoch a neust\u00e1le zvy\u0161ovanie kvality rozhodovania zalo\u017een\u00e9ho na d\u00f4kazoch, transparentnosti a dlhodobom strategickom horizonte.<\/p>\n","protected":false},"excerpt":{"rendered":"<p>Fi\u0161k\u00e1lna politika pou\u017e\u00edva dane a v\u00fddavky na stabiliz\u00e1ciu ekonomiky. V recesii stimuluje, pri prehriat\u00ed tlm\u00ed dopyt a rie\u0161i konsolid\u00e1ciu dlhu.<\/p>\n","protected":false},"author":47,"featured_media":84324,"comment_status":"open","ping_status":"open","sticky":false,"template":"","format":"standard","meta":{"footnotes":""},"categories":[652],"tags":[105,2272,2225,2273,2274,98,2275,2224],"class_list":["post-44324","post","type-post","status-publish","format-standard","has-post-thumbnail","hentry","category-financie","tag-dane","tag-fiskalna-politika","tag-konsolidacia","tag-multiplikator","tag-recesia","tag-rozpocet","tag-vlada","tag-vydavky"],"yoast_head":"<!-- This site is optimized with the Yoast SEO plugin v27.5 - https:\/\/yoast.com\/product\/yoast-seo-wordpress\/ -->\n<title>Fi\u0161k\u00e1lna politika \u0161t\u00e1tu: N\u00e1stroje, ciele a proticyklick\u00e9 opatrenia - Auto\u0161koly.sk<\/title>\n<meta name=\"robots\" content=\"index, follow, max-snippet:-1, max-image-preview:large, max-video-preview:-1\" \/>\n<link rel=\"canonical\" href=\"https:\/\/www.autoskoly.sk\/news\/fiskalna-politika-statu-nastroje-ciele-a-proticyklicke-opatrenia\/\" \/>\n<meta property=\"og:locale\" content=\"sk_SK\" \/>\n<meta property=\"og:type\" content=\"article\" \/>\n<meta property=\"og:title\" content=\"Fi\u0161k\u00e1lna politika \u0161t\u00e1tu: N\u00e1stroje, ciele a proticyklick\u00e9 opatrenia - Auto\u0161koly.sk\" \/>\n<meta property=\"og:description\" content=\"Fi\u0161k\u00e1lna politika pou\u017e\u00edva dane a v\u00fddavky na stabiliz\u00e1ciu ekonomiky. V recesii stimuluje, pri prehriat\u00ed tlm\u00ed dopyt a rie\u0161i konsolid\u00e1ciu dlhu.\" \/>\n<meta property=\"og:url\" content=\"https:\/\/www.autoskoly.sk\/news\/fiskalna-politika-statu-nastroje-ciele-a-proticyklicke-opatrenia\/\" \/>\n<meta property=\"og:site_name\" content=\"Auto\u0161koly.sk\" \/>\n<meta property=\"article:publisher\" content=\"https:\/\/www.facebook.com\/vrtulniky\/\" \/>\n<meta property=\"article:published_time\" content=\"2026-01-18T16:40:44+00:00\" \/>\n<meta property=\"og:image\" content=\"https:\/\/www.autoskoly.sk\/news\/wp-content\/uploads\/2025\/12\/vzdelavanie-vysoka-skola-4324.jpg\" \/>\n\t<meta property=\"og:image:width\" content=\"1600\" \/>\n\t<meta property=\"og:image:height\" content=\"1066\" \/>\n\t<meta property=\"og:image:type\" content=\"image\/jpeg\" \/>\n<meta name=\"author\" content=\"Tom\u00e1\u0161 Hud\u00e1k\" \/>\n<meta name=\"twitter:card\" content=\"summary_large_image\" \/>\n<meta name=\"twitter:label1\" content=\"Autor\" \/>\n\t<meta name=\"twitter:data1\" content=\"Tom\u00e1\u0161 Hud\u00e1k\" \/>\n\t<meta name=\"twitter:label2\" content=\"Predpokladan\u00fd \u010das \u010d\u00edtania\" \/>\n\t<meta name=\"twitter:data2\" content=\"8 min\u00fat\" \/>\n<script type=\"application\/ld+json\" class=\"yoast-schema-graph\">{\"@context\":\"https:\\\/\\\/schema.org\",\"@graph\":[{\"@type\":\"Article\",\"@id\":\"https:\\\/\\\/www.autoskoly.sk\\\/news\\\/fiskalna-politika-statu-nastroje-ciele-a-proticyklicke-opatrenia\\\/#article\",\"isPartOf\":{\"@id\":\"https:\\\/\\\/www.autoskoly.sk\\\/news\\\/fiskalna-politika-statu-nastroje-ciele-a-proticyklicke-opatrenia\\\/\"},\"author\":{\"name\":\"Tom\u00e1\u0161 Hud\u00e1k\",\"@id\":\"https:\\\/\\\/www.autoskoly.sk\\\/news\\\/#\\\/schema\\\/person\\\/9663e94f4aa53e6535b5bf8a16075643\"},\"headline\":\"Fi\u0161k\u00e1lna politika \u0161t\u00e1tu: N\u00e1stroje, ciele a proticyklick\u00e9 opatrenia\",\"datePublished\":\"2026-01-18T16:40:44+00:00\",\"mainEntityOfPage\":{\"@id\":\"https:\\\/\\\/www.autoskoly.sk\\\/news\\\/fiskalna-politika-statu-nastroje-ciele-a-proticyklicke-opatrenia\\\/\"},\"wordCount\":1681,\"commentCount\":0,\"publisher\":{\"@id\":\"https:\\\/\\\/www.autoskoly.sk\\\/news\\\/#organization\"},\"image\":{\"@id\":\"https:\\\/\\\/www.autoskoly.sk\\\/news\\\/fiskalna-politika-statu-nastroje-ciele-a-proticyklicke-opatrenia\\\/#primaryimage\"},\"thumbnailUrl\":\"https:\\\/\\\/www.autoskoly.sk\\\/news\\\/wp-content\\\/uploads\\\/2025\\\/12\\\/vzdelavanie-vysoka-skola-4324.jpg\",\"keywords\":[\"dane\",\"fi\u0161k\u00e1lna politika\",\"konsolid\u00e1cia\",\"multiplik\u00e1tor\",\"recesia\",\"rozpo\u010det\",\"vl\u00e1da\",\"v\u00fddavky\"],\"articleSection\":[\"Financie\"],\"inLanguage\":\"sk-SK\",\"potentialAction\":[{\"@type\":\"CommentAction\",\"name\":\"Comment\",\"target\":[\"https:\\\/\\\/www.autoskoly.sk\\\/news\\\/fiskalna-politika-statu-nastroje-ciele-a-proticyklicke-opatrenia\\\/#respond\"]}]},{\"@type\":\"WebPage\",\"@id\":\"https:\\\/\\\/www.autoskoly.sk\\\/news\\\/fiskalna-politika-statu-nastroje-ciele-a-proticyklicke-opatrenia\\\/\",\"url\":\"https:\\\/\\\/www.autoskoly.sk\\\/news\\\/fiskalna-politika-statu-nastroje-ciele-a-proticyklicke-opatrenia\\\/\",\"name\":\"Fi\u0161k\u00e1lna politika \u0161t\u00e1tu: N\u00e1stroje, ciele a proticyklick\u00e9 opatrenia - Auto\u0161koly.sk\",\"isPartOf\":{\"@id\":\"https:\\\/\\\/www.autoskoly.sk\\\/news\\\/#website\"},\"primaryImageOfPage\":{\"@id\":\"https:\\\/\\\/www.autoskoly.sk\\\/news\\\/fiskalna-politika-statu-nastroje-ciele-a-proticyklicke-opatrenia\\\/#primaryimage\"},\"image\":{\"@id\":\"https:\\\/\\\/www.autoskoly.sk\\\/news\\\/fiskalna-politika-statu-nastroje-ciele-a-proticyklicke-opatrenia\\\/#primaryimage\"},\"thumbnailUrl\":\"https:\\\/\\\/www.autoskoly.sk\\\/news\\\/wp-content\\\/uploads\\\/2025\\\/12\\\/vzdelavanie-vysoka-skola-4324.jpg\",\"datePublished\":\"2026-01-18T16:40:44+00:00\",\"breadcrumb\":{\"@id\":\"https:\\\/\\\/www.autoskoly.sk\\\/news\\\/fiskalna-politika-statu-nastroje-ciele-a-proticyklicke-opatrenia\\\/#breadcrumb\"},\"inLanguage\":\"sk-SK\",\"potentialAction\":[{\"@type\":\"ReadAction\",\"target\":[\"https:\\\/\\\/www.autoskoly.sk\\\/news\\\/fiskalna-politika-statu-nastroje-ciele-a-proticyklicke-opatrenia\\\/\"]}]},{\"@type\":\"ImageObject\",\"inLanguage\":\"sk-SK\",\"@id\":\"https:\\\/\\\/www.autoskoly.sk\\\/news\\\/fiskalna-politika-statu-nastroje-ciele-a-proticyklicke-opatrenia\\\/#primaryimage\",\"url\":\"https:\\\/\\\/www.autoskoly.sk\\\/news\\\/wp-content\\\/uploads\\\/2025\\\/12\\\/vzdelavanie-vysoka-skola-4324.jpg\",\"contentUrl\":\"https:\\\/\\\/www.autoskoly.sk\\\/news\\\/wp-content\\\/uploads\\\/2025\\\/12\\\/vzdelavanie-vysoka-skola-4324.jpg\",\"width\":1600,\"height\":1066,\"caption\":\"Fi\u0161k\u00e1lna politika \u0161t\u00e1tu: N\u00e1stroje, ciele a proticyklick\u00e9 opatrenia\"},{\"@type\":\"BreadcrumbList\",\"@id\":\"https:\\\/\\\/www.autoskoly.sk\\\/news\\\/fiskalna-politika-statu-nastroje-ciele-a-proticyklicke-opatrenia\\\/#breadcrumb\",\"itemListElement\":[{\"@type\":\"ListItem\",\"position\":1,\"name\":\"Home\",\"item\":\"https:\\\/\\\/www.autoskoly.sk\\\/news\\\/\"},{\"@type\":\"ListItem\",\"position\":2,\"name\":\"Fi\u0161k\u00e1lna politika \u0161t\u00e1tu: N\u00e1stroje, ciele a proticyklick\u00e9 opatrenia\"}]},{\"@type\":\"WebSite\",\"@id\":\"https:\\\/\\\/www.autoskoly.sk\\\/news\\\/#website\",\"url\":\"https:\\\/\\\/www.autoskoly.sk\\\/news\\\/\",\"name\":\"Auto\u0161koly.sk\",\"description\":\"Web o cestovan\u00ed, podnikan\u00ed, doprave a motorizme\",\"publisher\":{\"@id\":\"https:\\\/\\\/www.autoskoly.sk\\\/news\\\/#organization\"},\"potentialAction\":[{\"@type\":\"SearchAction\",\"target\":{\"@type\":\"EntryPoint\",\"urlTemplate\":\"https:\\\/\\\/www.autoskoly.sk\\\/news\\\/?s={search_term_string}\"},\"query-input\":{\"@type\":\"PropertyValueSpecification\",\"valueRequired\":true,\"valueName\":\"search_term_string\"}}],\"inLanguage\":\"sk-SK\"},{\"@type\":\"Organization\",\"@id\":\"https:\\\/\\\/www.autoskoly.sk\\\/news\\\/#organization\",\"name\":\"Auto\u0161koly.sk\",\"url\":\"https:\\\/\\\/www.autoskoly.sk\\\/news\\\/\",\"logo\":{\"@type\":\"ImageObject\",\"inLanguage\":\"sk-SK\",\"@id\":\"https:\\\/\\\/www.autoskoly.sk\\\/news\\\/#\\\/schema\\\/logo\\\/image\\\/\",\"url\":\"https:\\\/\\\/www.autoskoly.sk\\\/news\\\/wp-content\\\/uploads\\\/2022\\\/08\\\/news-autoskoly-sk-logo-head.png\",\"contentUrl\":\"https:\\\/\\\/www.autoskoly.sk\\\/news\\\/wp-content\\\/uploads\\\/2022\\\/08\\\/news-autoskoly-sk-logo-head.png\",\"width\":112,\"height\":113,\"caption\":\"Auto\u0161koly.sk\"},\"image\":{\"@id\":\"https:\\\/\\\/www.autoskoly.sk\\\/news\\\/#\\\/schema\\\/logo\\\/image\\\/\"},\"sameAs\":[\"https:\\\/\\\/www.facebook.com\\\/vrtulniky\\\/\"]},{\"@type\":\"Person\",\"@id\":\"https:\\\/\\\/www.autoskoly.sk\\\/news\\\/#\\\/schema\\\/person\\\/9663e94f4aa53e6535b5bf8a16075643\",\"name\":\"Tom\u00e1\u0161 Hud\u00e1k\",\"url\":\"https:\\\/\\\/www.autoskoly.sk\\\/news\\\/author\\\/tomas-hudak\\\/\"}]}<\/script>\n<!-- \/ Yoast SEO plugin. -->","yoast_head_json":{"title":"Fi\u0161k\u00e1lna politika \u0161t\u00e1tu: N\u00e1stroje, ciele a proticyklick\u00e9 opatrenia - Auto\u0161koly.sk","robots":{"index":"index","follow":"follow","max-snippet":"max-snippet:-1","max-image-preview":"max-image-preview:large","max-video-preview":"max-video-preview:-1"},"canonical":"https:\/\/www.autoskoly.sk\/news\/fiskalna-politika-statu-nastroje-ciele-a-proticyklicke-opatrenia\/","og_locale":"sk_SK","og_type":"article","og_title":"Fi\u0161k\u00e1lna politika \u0161t\u00e1tu: N\u00e1stroje, ciele a proticyklick\u00e9 opatrenia - Auto\u0161koly.sk","og_description":"Fi\u0161k\u00e1lna politika pou\u017e\u00edva dane a v\u00fddavky na stabiliz\u00e1ciu ekonomiky. V recesii stimuluje, pri prehriat\u00ed tlm\u00ed dopyt a rie\u0161i konsolid\u00e1ciu dlhu.","og_url":"https:\/\/www.autoskoly.sk\/news\/fiskalna-politika-statu-nastroje-ciele-a-proticyklicke-opatrenia\/","og_site_name":"Auto\u0161koly.sk","article_publisher":"https:\/\/www.facebook.com\/vrtulniky\/","article_published_time":"2026-01-18T16:40:44+00:00","og_image":[{"width":1600,"height":1066,"url":"https:\/\/www.autoskoly.sk\/news\/wp-content\/uploads\/2025\/12\/vzdelavanie-vysoka-skola-4324.jpg","type":"image\/jpeg"}],"author":"Tom\u00e1\u0161 Hud\u00e1k","twitter_card":"summary_large_image","twitter_misc":{"Autor":"Tom\u00e1\u0161 Hud\u00e1k","Predpokladan\u00fd \u010das \u010d\u00edtania":"8 min\u00fat"},"schema":{"@context":"https:\/\/schema.org","@graph":[{"@type":"Article","@id":"https:\/\/www.autoskoly.sk\/news\/fiskalna-politika-statu-nastroje-ciele-a-proticyklicke-opatrenia\/#article","isPartOf":{"@id":"https:\/\/www.autoskoly.sk\/news\/fiskalna-politika-statu-nastroje-ciele-a-proticyklicke-opatrenia\/"},"author":{"name":"Tom\u00e1\u0161 Hud\u00e1k","@id":"https:\/\/www.autoskoly.sk\/news\/#\/schema\/person\/9663e94f4aa53e6535b5bf8a16075643"},"headline":"Fi\u0161k\u00e1lna politika \u0161t\u00e1tu: N\u00e1stroje, ciele a proticyklick\u00e9 opatrenia","datePublished":"2026-01-18T16:40:44+00:00","mainEntityOfPage":{"@id":"https:\/\/www.autoskoly.sk\/news\/fiskalna-politika-statu-nastroje-ciele-a-proticyklicke-opatrenia\/"},"wordCount":1681,"commentCount":0,"publisher":{"@id":"https:\/\/www.autoskoly.sk\/news\/#organization"},"image":{"@id":"https:\/\/www.autoskoly.sk\/news\/fiskalna-politika-statu-nastroje-ciele-a-proticyklicke-opatrenia\/#primaryimage"},"thumbnailUrl":"https:\/\/www.autoskoly.sk\/news\/wp-content\/uploads\/2025\/12\/vzdelavanie-vysoka-skola-4324.jpg","keywords":["dane","fi\u0161k\u00e1lna politika","konsolid\u00e1cia","multiplik\u00e1tor","recesia","rozpo\u010det","vl\u00e1da","v\u00fddavky"],"articleSection":["Financie"],"inLanguage":"sk-SK","potentialAction":[{"@type":"CommentAction","name":"Comment","target":["https:\/\/www.autoskoly.sk\/news\/fiskalna-politika-statu-nastroje-ciele-a-proticyklicke-opatrenia\/#respond"]}]},{"@type":"WebPage","@id":"https:\/\/www.autoskoly.sk\/news\/fiskalna-politika-statu-nastroje-ciele-a-proticyklicke-opatrenia\/","url":"https:\/\/www.autoskoly.sk\/news\/fiskalna-politika-statu-nastroje-ciele-a-proticyklicke-opatrenia\/","name":"Fi\u0161k\u00e1lna politika \u0161t\u00e1tu: N\u00e1stroje, ciele a proticyklick\u00e9 opatrenia - Auto\u0161koly.sk","isPartOf":{"@id":"https:\/\/www.autoskoly.sk\/news\/#website"},"primaryImageOfPage":{"@id":"https:\/\/www.autoskoly.sk\/news\/fiskalna-politika-statu-nastroje-ciele-a-proticyklicke-opatrenia\/#primaryimage"},"image":{"@id":"https:\/\/www.autoskoly.sk\/news\/fiskalna-politika-statu-nastroje-ciele-a-proticyklicke-opatrenia\/#primaryimage"},"thumbnailUrl":"https:\/\/www.autoskoly.sk\/news\/wp-content\/uploads\/2025\/12\/vzdelavanie-vysoka-skola-4324.jpg","datePublished":"2026-01-18T16:40:44+00:00","breadcrumb":{"@id":"https:\/\/www.autoskoly.sk\/news\/fiskalna-politika-statu-nastroje-ciele-a-proticyklicke-opatrenia\/#breadcrumb"},"inLanguage":"sk-SK","potentialAction":[{"@type":"ReadAction","target":["https:\/\/www.autoskoly.sk\/news\/fiskalna-politika-statu-nastroje-ciele-a-proticyklicke-opatrenia\/"]}]},{"@type":"ImageObject","inLanguage":"sk-SK","@id":"https:\/\/www.autoskoly.sk\/news\/fiskalna-politika-statu-nastroje-ciele-a-proticyklicke-opatrenia\/#primaryimage","url":"https:\/\/www.autoskoly.sk\/news\/wp-content\/uploads\/2025\/12\/vzdelavanie-vysoka-skola-4324.jpg","contentUrl":"https:\/\/www.autoskoly.sk\/news\/wp-content\/uploads\/2025\/12\/vzdelavanie-vysoka-skola-4324.jpg","width":1600,"height":1066,"caption":"Fi\u0161k\u00e1lna politika \u0161t\u00e1tu: N\u00e1stroje, ciele a proticyklick\u00e9 opatrenia"},{"@type":"BreadcrumbList","@id":"https:\/\/www.autoskoly.sk\/news\/fiskalna-politika-statu-nastroje-ciele-a-proticyklicke-opatrenia\/#breadcrumb","itemListElement":[{"@type":"ListItem","position":1,"name":"Home","item":"https:\/\/www.autoskoly.sk\/news\/"},{"@type":"ListItem","position":2,"name":"Fi\u0161k\u00e1lna politika \u0161t\u00e1tu: N\u00e1stroje, ciele a proticyklick\u00e9 opatrenia"}]},{"@type":"WebSite","@id":"https:\/\/www.autoskoly.sk\/news\/#website","url":"https:\/\/www.autoskoly.sk\/news\/","name":"Auto\u0161koly.sk","description":"Web o cestovan\u00ed, podnikan\u00ed, doprave a motorizme","publisher":{"@id":"https:\/\/www.autoskoly.sk\/news\/#organization"},"potentialAction":[{"@type":"SearchAction","target":{"@type":"EntryPoint","urlTemplate":"https:\/\/www.autoskoly.sk\/news\/?s={search_term_string}"},"query-input":{"@type":"PropertyValueSpecification","valueRequired":true,"valueName":"search_term_string"}}],"inLanguage":"sk-SK"},{"@type":"Organization","@id":"https:\/\/www.autoskoly.sk\/news\/#organization","name":"Auto\u0161koly.sk","url":"https:\/\/www.autoskoly.sk\/news\/","logo":{"@type":"ImageObject","inLanguage":"sk-SK","@id":"https:\/\/www.autoskoly.sk\/news\/#\/schema\/logo\/image\/","url":"https:\/\/www.autoskoly.sk\/news\/wp-content\/uploads\/2022\/08\/news-autoskoly-sk-logo-head.png","contentUrl":"https:\/\/www.autoskoly.sk\/news\/wp-content\/uploads\/2022\/08\/news-autoskoly-sk-logo-head.png","width":112,"height":113,"caption":"Auto\u0161koly.sk"},"image":{"@id":"https:\/\/www.autoskoly.sk\/news\/#\/schema\/logo\/image\/"},"sameAs":["https:\/\/www.facebook.com\/vrtulniky\/"]},{"@type":"Person","@id":"https:\/\/www.autoskoly.sk\/news\/#\/schema\/person\/9663e94f4aa53e6535b5bf8a16075643","name":"Tom\u00e1\u0161 Hud\u00e1k","url":"https:\/\/www.autoskoly.sk\/news\/author\/tomas-hudak\/"}]}},"_links":{"self":[{"href":"https:\/\/www.autoskoly.sk\/news\/wp-json\/wp\/v2\/posts\/44324","targetHints":{"allow":["GET"]}}],"collection":[{"href":"https:\/\/www.autoskoly.sk\/news\/wp-json\/wp\/v2\/posts"}],"about":[{"href":"https:\/\/www.autoskoly.sk\/news\/wp-json\/wp\/v2\/types\/post"}],"author":[{"embeddable":true,"href":"https:\/\/www.autoskoly.sk\/news\/wp-json\/wp\/v2\/users\/47"}],"replies":[{"embeddable":true,"href":"https:\/\/www.autoskoly.sk\/news\/wp-json\/wp\/v2\/comments?post=44324"}],"version-history":[{"count":1,"href":"https:\/\/www.autoskoly.sk\/news\/wp-json\/wp\/v2\/posts\/44324\/revisions"}],"predecessor-version":[{"id":926793,"href":"https:\/\/www.autoskoly.sk\/news\/wp-json\/wp\/v2\/posts\/44324\/revisions\/926793"}],"wp:featuredmedia":[{"embeddable":true,"href":"https:\/\/www.autoskoly.sk\/news\/wp-json\/wp\/v2\/media\/84324"}],"wp:attachment":[{"href":"https:\/\/www.autoskoly.sk\/news\/wp-json\/wp\/v2\/media?parent=44324"}],"wp:term":[{"taxonomy":"category","embeddable":true,"href":"https:\/\/www.autoskoly.sk\/news\/wp-json\/wp\/v2\/categories?post=44324"},{"taxonomy":"post_tag","embeddable":true,"href":"https:\/\/www.autoskoly.sk\/news\/wp-json\/wp\/v2\/tags?post=44324"}],"curies":[{"name":"wp","href":"https:\/\/api.w.org\/{rel}","templated":true}]}}